{"id":89877,"date":"2025-08-02T17:34:00","date_gmt":"2025-08-02T15:34:00","guid":{"rendered":"https:\/\/jugulajm.net\/?p=89877"},"modified":"2025-08-02T18:30:30","modified_gmt":"2025-08-02T16:30:30","slug":"lajm-i-fundit-22-vjecari-qellon-me-thike-nenen-e-tij","status":"publish","type":"post","link":"https:\/\/jugulajm.net\/?p=89877","title":{"rendered":"LAJM I FUNDIT\/ 26-vje\u00e7ari q\u00ebllon me thik\u00eb n\u00ebn\u00ebn e tij"},"content":{"rendered":"<p>Nj\u00eb ngjarje shum\u00eb e r\u00ebnd\u00eb ka ndodhur k\u00ebt\u00eb t\u00eb shtun\u00eb, ku nj\u00eb 26-vje\u00e7ar ka plagosur me thik\u00eb n\u00ebn\u00ebn e tij.<\/p>\n<p>Ngjarja ka ndodhur n\u00eb fshatin Maqellar\u00eb t\u00eb Dibr\u00ebs.<\/p>\n<p>Sipas informacioneve paraprake, konflikti mes t\u00eb riut dhe n\u00ebn\u00ebs ka degraduar n\u00eb dhun\u00eb fizike, duke \u00e7uar n\u00eb p\u00ebrdorimin e arm\u00ebs s\u00eb ftoht\u00eb.<\/p>\n<p>E plagosura \u00ebsht\u00eb transportuar me urgjenc\u00eb drejt Spitalit t\u00eb Traum\u00ebs n\u00eb Tiran\u00eb, ku po merr ndihm\u00ebn e nevojshme mjek\u00ebsore.<\/p>\n<p>Ende nuk ka t\u00eb dh\u00ebna p\u00ebr gjendjen e saj sh\u00ebndet\u00ebsore.<\/p>\n<p>Policia ka shkuar menj\u00ebher\u00eb n\u00eb vendngjarje dhe ka b\u00ebr\u00eb t\u00eb mundur ndalimin e autorit t\u00eb dyshuar.<\/p>\n<p>Grupi hetimor po punon p\u00ebr zbardhjen e plot\u00eb t\u00eb rrethanave t\u00eb k\u00ebsaj ngjarjeje t\u00eb r\u00ebnd\u00eb familjare.<\/p>\n","protected":false},"excerpt":{"rendered":"<p>Nj\u00eb ngjarje shum\u00eb e r\u00ebnd\u00eb ka ndodhur k\u00ebt\u00eb t\u00eb shtun\u00eb, ku nj\u00eb 26-vje\u00e7ar ka plagosur me thik\u00eb n\u00ebn\u00ebn e tij. Ngjarja ka ndodhur n\u00eb fshatin Maqellar\u00eb t\u00eb Dibr\u00ebs. Sipas informacioneve paraprake, konflikti mes t\u00eb riut dhe n\u00ebn\u00ebs ka degraduar n\u00eb dhun\u00eb fizike, duke \u00e7uar n\u00eb p\u00ebrdorimin e arm\u00ebs s\u00eb ftoht\u00eb. E plagosura \u00ebsht\u00eb transportuar me [&hellip;]<\/p>\n","protected":false},"author":5,"featured_media":51533,"comment_status":"closed","ping_status":"closed","sticky":false,"template":"","format":"standard","meta":{"footnotes":""},"categories":[1,6332,29228],"tags":[37408],"class_list":{"0":"post-89877","1":"post","2":"type-post","3":"status-publish","4":"format-standard","5":"has-post-thumbnail","7":"category-aktualitet","8":"category-te-fundit","9":"category-vendi","10":"tag-lajm-i-fundit-22-vjecari-qellon-me-thike-nenen-e-tij"},"_links":{"self":[{"href":"https:\/\/jugulajm.net\/index.php?rest_route=\/wp\/v2\/posts\/89877","targetHints":{"allow":["GET"]}}],"collection":[{"href":"https:\/\/jugulajm.net\/index.php?rest_route=\/wp\/v2\/posts"}],"about":[{"href":"https:\/\/jugulajm.net\/index.php?rest_route=\/wp\/v2\/types\/post"}],"author":[{"embeddable":true,"href":"https:\/\/jugulajm.net\/index.php?rest_route=\/wp\/v2\/users\/5"}],"replies":[{"embeddable":true,"href":"https:\/\/jugulajm.net\/index.php?rest_route=%2Fwp%2Fv2%2Fcomments&post=89877"}],"version-history":[{"count":3,"href":"https:\/\/jugulajm.net\/index.php?rest_route=\/wp\/v2\/posts\/89877\/revisions"}],"predecessor-version":[{"id":89882,"href":"https:\/\/jugulajm.net\/index.php?rest_route=\/wp\/v2\/posts\/89877\/revisions\/89882"}],"wp:featuredmedia":[{"embeddable":true,"href":"https:\/\/jugulajm.net\/index.php?rest_route=\/wp\/v2\/media\/51533"}],"wp:attachment":[{"href":"https:\/\/jugulajm.net\/index.php?rest_route=%2Fwp%2Fv2%2Fmedia&parent=89877"}],"wp:term":[{"taxonomy":"category","embeddable":true,"href":"https:\/\/jugulajm.net\/index.php?rest_route=%2Fwp%2Fv2%2Fcategories&post=89877"},{"taxonomy":"post_tag","embeddable":true,"href":"https:\/\/jugulajm.net\/index.php?rest_route=%2Fwp%2Fv2%2Ftags&post=89877"}],"curies":[{"name":"wp","href":"https:\/\/api.w.org\/{rel}","templated":true}]}}