{"id":89837,"date":"2025-08-01T12:05:58","date_gmt":"2025-08-01T10:05:58","guid":{"rendered":"https:\/\/jugulajm.net\/?p=89837"},"modified":"2025-08-01T12:05:58","modified_gmt":"2025-08-01T10:05:58","slug":"aksident-ne-zvicer-2-adoleshente-humbin-jeten-drejtuesi-16-vjecar-shqiptar","status":"publish","type":"post","link":"https:\/\/jugulajm.net\/?p=89837","title":{"rendered":"Aksident n\u00eb Zvic\u00ebr: 2 adoleshent\u00eb humbin jet\u00ebn, drejtuesi 16-vje\u00e7ar shqiptar"},"content":{"rendered":"<p>Nj\u00eb aksident i r\u00ebnd\u00eb ka tronditur qytetin e Wohlenit n\u00eb kantonin Aargau t\u00eb Zvicr\u00ebs, \u00a0n\u00eb or\u00ebt e para t\u00eb m\u00ebngjesit t\u00eb k\u00ebsaj t\u00eb premteje. Mediat loakle b\u00ebjn\u00eb me dije se dy adoleshent\u00eb kan\u00eb humbur jet\u00ebn dhe nj\u00eb i tret\u00eb \u00ebsht\u00eb plagosur r\u00ebnd\u00eb, pasi automjeti Mercedes Benz me t\u00eb cilin udh\u00ebtonin ka dal\u00eb nga rruga dhe u p\u00ebrplas me murin e nj\u00eb sht\u00ebpie.<\/p>\n<p>Sipas Policis\u00eb Kantonale t\u00eb Aargaut, ngjarja ndodhi rreth or\u00ebs 04:45 n\u00eb nj\u00eb zon\u00eb me kufizim shpejt\u00ebsie prej 30 km\/h. Mjeti, drejtohej nga nj\u00eb 16-vje\u00e7ar me origjin\u00eb shqiptare, i cili humbi kontrollin dhe p\u00ebrfundoi jasht\u00eb rruge, duke kaluar p\u00ebrmes nj\u00eb kopshti, duke goditur nj\u00eb pem\u00eb dhe m\u00eb pas duke u p\u00ebrplasur fort me murin e nj\u00eb banese.<\/p>\n<div class=\"td-a-ad id_inline_ad0 id_ad_content-horiz-center\"><\/div>\n<p>Z\u00ebdh\u00ebn\u00ebsi i policis\u00eb, Bernhard Graser, deklaroi p\u00ebr mediat zvicerane se pamjet n\u00eb vendin e ngjarjes ishin \u201ctrondit\u00ebse\u201d. Dy nga adoleshent\u00ebt, nj\u00ebri 16 dhe tjetri 19 vje\u00e7, humb\u00ebn jet\u00ebn n\u00eb vend, pavar\u00ebsisht p\u00ebrpjekjeve t\u00eb sh\u00ebrbimeve t\u00eb urgjenc\u00ebs p\u00ebr t\u2019i shp\u00ebtuar. I plagosuri i tret\u00eb, nj\u00eb 19-vje\u00e7ar tjet\u00ebr, shtetas zviceran nga kantoni i Cyrihut, ndodhej n\u00eb sediljen e pasme dhe u transportua n\u00eb spital n\u00eb gjendje t\u00eb r\u00ebnd\u00eb, shkruan Lecanton27.ch<\/p>\n<p>Autoritetet kan\u00eb nisur nj\u00eb hetim t\u00eb plot\u00eb p\u00ebr shkaqet e aksidentit. 16-vje\u00e7ari q\u00eb drejtonte makin\u00ebn nuk posedonte nj\u00eb leje drejtimi. Prokuroria publike ka urdh\u00ebruar marrjen e mostrave t\u00eb gjakut dhe urin\u00ebs, nd\u00ebrsa \u00ebsht\u00eb konfirmuar se mjeti luksoz Mercedes i p\u00ebrkiste v\u00ebllait t\u00eb t\u00eb miturit.<\/p>\n<p>Sipas raportimeve t\u00eb mediave zvicerane LeCanton27.ch dhe Blick.ch, t\u00eb tre t\u00eb rinjt\u00eb ishin banor\u00eb t\u00eb rajonit dhe besohet se makina po l\u00ebvizte me shpejt\u00ebsi shum\u00eb m\u00eb t\u00eb lart\u00eb se kufiri i lejuar p\u00ebr zon\u00ebn.<\/p>\n<p>Policia kantonale dhe prokuroria vazhdojn\u00eb hetimet p\u00ebr zbardhjen e plot\u00eb t\u00eb rrethanave t\u00eb aksidentit tragjik.<\/p>\n","protected":false},"excerpt":{"rendered":"<p>Nj\u00eb aksident i r\u00ebnd\u00eb ka tronditur qytetin e Wohlenit n\u00eb kantonin Aargau t\u00eb Zvicr\u00ebs, \u00a0n\u00eb or\u00ebt e para t\u00eb m\u00ebngjesit t\u00eb k\u00ebsaj t\u00eb premteje. Mediat loakle b\u00ebjn\u00eb me dije se dy adoleshent\u00eb kan\u00eb humbur jet\u00ebn dhe nj\u00eb i tret\u00eb \u00ebsht\u00eb plagosur r\u00ebnd\u00eb, pasi automjeti Mercedes Benz me t\u00eb cilin udh\u00ebtonin ka dal\u00eb nga rruga dhe [&hellip;]<\/p>\n","protected":false},"author":5,"featured_media":69712,"comment_status":"closed","ping_status":"closed","sticky":false,"template":"","format":"standard","meta":{"footnotes":""},"categories":[1,7664,6332],"tags":[37388,37389],"class_list":{"0":"post-89837","1":"post","2":"type-post","3":"status-publish","4":"format-standard","5":"has-post-thumbnail","7":"category-aktualitet","8":"category-bota","9":"category-te-fundit","10":"tag-aksident-ne-zvicer-2-adoleshente-humbin-jeten","11":"tag-drejtuesi-16-vjecar-shqiptar"},"_links":{"self":[{"href":"https:\/\/jugulajm.net\/index.php?rest_route=\/wp\/v2\/posts\/89837","targetHints":{"allow":["GET"]}}],"collection":[{"href":"https:\/\/jugulajm.net\/index.php?rest_route=\/wp\/v2\/posts"}],"about":[{"href":"https:\/\/jugulajm.net\/index.php?rest_route=\/wp\/v2\/types\/post"}],"author":[{"embeddable":true,"href":"https:\/\/jugulajm.net\/index.php?rest_route=\/wp\/v2\/users\/5"}],"replies":[{"embeddable":true,"href":"https:\/\/jugulajm.net\/index.php?rest_route=%2Fwp%2Fv2%2Fcomments&post=89837"}],"version-history":[{"count":1,"href":"https:\/\/jugulajm.net\/index.php?rest_route=\/wp\/v2\/posts\/89837\/revisions"}],"predecessor-version":[{"id":89838,"href":"https:\/\/jugulajm.net\/index.php?rest_route=\/wp\/v2\/posts\/89837\/revisions\/89838"}],"wp:featuredmedia":[{"embeddable":true,"href":"https:\/\/jugulajm.net\/index.php?rest_route=\/wp\/v2\/media\/69712"}],"wp:attachment":[{"href":"https:\/\/jugulajm.net\/index.php?rest_route=%2Fwp%2Fv2%2Fmedia&parent=89837"}],"wp:term":[{"taxonomy":"category","embeddable":true,"href":"https:\/\/jugulajm.net\/index.php?rest_route=%2Fwp%2Fv2%2Fcategories&post=89837"},{"taxonomy":"post_tag","embeddable":true,"href":"https:\/\/jugulajm.net\/index.php?rest_route=%2Fwp%2Fv2%2Ftags&post=89837"}],"curies":[{"name":"wp","href":"https:\/\/api.w.org\/{rel}","templated":true}]}}