{"id":89819,"date":"2025-07-31T18:24:17","date_gmt":"2025-07-31T16:24:17","guid":{"rendered":"https:\/\/jugulajm.net\/?p=89819"},"modified":"2025-07-31T18:24:17","modified_gmt":"2025-07-31T16:24:17","slug":"rama-con-ministrat-me-pushime-paralajmeron-fshesen-ne-shtator","status":"publish","type":"post","link":"https:\/\/jugulajm.net\/?p=89819","title":{"rendered":"Rama \u00e7on ministrat me \u201cpushime\u201d, paralajm\u00ebron fshes\u00ebn n\u00eb shtator&#8230;"},"content":{"rendered":"<p>Pas nj\u00eb serie mbledhjesh intensive q\u00eb kulmuan me dor\u00ebheqjet e disa n\u00ebnkryetar\u00ebve dhe nj\u00eb fushat\u00eb t\u00eb shtrir\u00eb n\u00eb terren p\u00ebr lirimin e hap\u00ebsirave publike, pjes\u00eb e reform\u00ebs p\u00ebr zhvillimin e territorit, qeveria ka vendosur t\u2019i jap\u00eb vetes nj\u00eb pauz\u00eb.<\/p>\n<p>Edhe pse e prezantuar si mbledhje pune, takimi i fundit i kabinetit u p\u00ebrmbyll me njoftimin e kryeministrit Edi Rama se pushimet zyrtare mund t\u00eb nisin, nd\u00ebrsa mbledhja e radh\u00ebs do t\u00eb mbahet n\u00eb fund t\u00eb gushtit.<\/p>\n<p>Kjo periudh\u00eb do t\u00eb sh\u00ebrbej\u00eb si nj\u00eb reflektim p\u00ebr performanc\u00ebn e ministrave, nga e cila do t\u00eb varet edhe p\u00ebrb\u00ebrja e re e qeveris\u00eb q\u00eb pritet t\u00eb zyrtarizohet n\u00eb vjesht\u00eb, nj\u00eb sezon q\u00eb, sipas sinjaleve t\u00eb para, nuk pritet t\u00eb jet\u00eb aspak i qet\u00eb p\u00ebr socialist\u00ebt.<\/p>\n","protected":false},"excerpt":{"rendered":"<p>Pas nj\u00eb serie mbledhjesh intensive q\u00eb kulmuan me dor\u00ebheqjet e disa n\u00ebnkryetar\u00ebve dhe nj\u00eb fushat\u00eb t\u00eb shtrir\u00eb n\u00eb terren p\u00ebr lirimin e hap\u00ebsirave publike, pjes\u00eb e reform\u00ebs p\u00ebr zhvillimin e territorit, qeveria ka vendosur t\u2019i jap\u00eb vetes nj\u00eb pauz\u00eb. Edhe pse e prezantuar si mbledhje pune, takimi i fundit i kabinetit u p\u00ebrmbyll me njoftimin [&hellip;]<\/p>\n","protected":false},"author":5,"featured_media":64707,"comment_status":"closed","ping_status":"closed","sticky":false,"template":"","format":"standard","meta":{"footnotes":""},"categories":[6326,6332,29228],"tags":[37381,37380],"class_list":{"0":"post-89819","1":"post","2":"type-post","3":"status-publish","4":"format-standard","5":"has-post-thumbnail","7":"category-politike","8":"category-te-fundit","9":"category-vendi","10":"tag-paralajmeron-fshesen-ne-shtator","11":"tag-rama-con-ministrat-me-pushime"},"_links":{"self":[{"href":"https:\/\/jugulajm.net\/index.php?rest_route=\/wp\/v2\/posts\/89819","targetHints":{"allow":["GET"]}}],"collection":[{"href":"https:\/\/jugulajm.net\/index.php?rest_route=\/wp\/v2\/posts"}],"about":[{"href":"https:\/\/jugulajm.net\/index.php?rest_route=\/wp\/v2\/types\/post"}],"author":[{"embeddable":true,"href":"https:\/\/jugulajm.net\/index.php?rest_route=\/wp\/v2\/users\/5"}],"replies":[{"embeddable":true,"href":"https:\/\/jugulajm.net\/index.php?rest_route=%2Fwp%2Fv2%2Fcomments&post=89819"}],"version-history":[{"count":1,"href":"https:\/\/jugulajm.net\/index.php?rest_route=\/wp\/v2\/posts\/89819\/revisions"}],"predecessor-version":[{"id":89820,"href":"https:\/\/jugulajm.net\/index.php?rest_route=\/wp\/v2\/posts\/89819\/revisions\/89820"}],"wp:featuredmedia":[{"embeddable":true,"href":"https:\/\/jugulajm.net\/index.php?rest_route=\/wp\/v2\/media\/64707"}],"wp:attachment":[{"href":"https:\/\/jugulajm.net\/index.php?rest_route=%2Fwp%2Fv2%2Fmedia&parent=89819"}],"wp:term":[{"taxonomy":"category","embeddable":true,"href":"https:\/\/jugulajm.net\/index.php?rest_route=%2Fwp%2Fv2%2Fcategories&post=89819"},{"taxonomy":"post_tag","embeddable":true,"href":"https:\/\/jugulajm.net\/index.php?rest_route=%2Fwp%2Fv2%2Ftags&post=89819"}],"curies":[{"name":"wp","href":"https:\/\/api.w.org\/{rel}","templated":true}]}}