{"id":89798,"date":"2025-07-30T19:34:08","date_gmt":"2025-07-30T17:34:08","guid":{"rendered":"https:\/\/jugulajm.net\/?p=89798"},"modified":"2025-07-30T19:34:46","modified_gmt":"2025-07-30T17:34:46","slug":"ne-tetor-nis-zbatimi-i-rregullave-te-reja-per-udhetime-ne-zonen-schengen","status":"publish","type":"post","link":"https:\/\/jugulajm.net\/?p=89798","title":{"rendered":"N\u00eb tetor nis zbatimi i rregullave t\u00eb reja p\u00ebr udh\u00ebtime n\u00eb zon\u00ebn &#8220;Schengen&#8221;"},"content":{"rendered":"<p>Bashkimi Evropian njoftoi se sistemi i ri i kontrollit kufitar p\u00ebr shtetasit q\u00eb nuk jan\u00eb nga blloku evropian, i cili do t\u2019i jap\u00eb fund vendosjes s\u00eb vulave n\u00ebp\u00ebr pasaporta, do t\u00eb nis\u00eb zbatimin n\u00eb tetor.<\/p>\n<p>I ashtuquajturi Sistem i Hyrje\/Daljes (EES) fillimisht ishte parashikuar t\u00eb hynte n\u00eb fuqi n\u00ebntorin e vitit t\u00eb kaluar, por u shty n\u00eb momentet e fundit pasi disa shtete ende nuk ishin t\u00eb gatshme q\u00eb ta zbatonin, shkruan REL.<\/p>\n<p>Komisioni Evropian ka vendosur 12 tetorin e vitit 2025 si dat\u00eb p\u00ebr nisjen e operacioneve p\u00ebr zbatimin e EES-s\u00eb. Nga 12 tetori e tutje, EES-ja do t\u00eb nis\u00eb gradualisht t\u00eb zbatohet n\u00eb kufijt\u00eb e jasht\u00ebm t\u00eb 29 shteteve evropiane, p\u00ebr gjasht\u00eb muaj. Ky zbatim gradual do t\u2019u jap\u00eb autoriteteve, pasagjer\u00ebve dhe industris\u00eb s\u00eb transportit m\u00eb shum\u00eb koh\u00eb p\u00ebr t\u2019u p\u00ebrshtatur me procedurat e reja, tha BE-ja.<\/p>\n<p>Sistemi \u00ebsht\u00eb krijuar n\u00eb n\u00ebntor t\u00eb vitit 2017 dhe zbatimi i tij u shty disa her\u00eb. Sistemi pritet t\u00eb vlej\u00eb p\u00ebr rreth 60 vende, p\u00ebrfshir\u00eb edhe ato t\u00eb Ballkanit Per\u00ebndimor, p\u00ebr hyrjen e tyre n\u00eb BE, si dhe n\u00eb Zvic\u00ebr, Norvegji, Island\u00eb dhe Lihtenshtajn, t\u00eb cilat jan\u00eb pjes\u00eb e zon\u00ebs Schengen.<\/p>\n<p>EES-ja do t\u00eb regjistroj\u00eb dat\u00ebn e hyrjes dhe daljes s\u00eb vizitor\u00ebve dhe do t\u00eb ket\u00eb t\u00eb dh\u00ebna p\u00ebr q\u00ebndrimet e tejzgjatura dhe hyrjet e refuzuara.<\/p>\n<p>Sipas sistemit t\u00eb ri, udh\u00ebtar\u00ebve do t\u2019u mblidhen t\u00eb dh\u00ebnat personale dhe biometrike \u2013 fotografit\u00eb e fytyr\u00ebs dhe gjurm\u00ebt e gisht\u00ebrinjve.<\/p>\n<p>Pasaportat n\u00eb t\u00eb gjitha shtetet e Ballkanit Per\u00ebndimor jan\u00eb biometrike; n\u00eb \u00e7ipet e tyre ruhen gjurm\u00ebt e gisht\u00ebrinjve dhe fotografia, dhe jan\u00eb plot\u00ebsisht t\u00eb harmonizuara me kushtet q\u00eb ka k\u00ebrkuar Bashkimi Evropian, n\u00eb m\u00ebnyr\u00eb q\u00eb vendet e Ballkanit Per\u00ebndimor t\u00eb p\u00ebrfitojn\u00eb regjimin pa viza.<\/p>\n<p>Zbatimi i k\u00ebtij sistemi ka rritur frik\u00ebn se do t\u00eb ket\u00eb radh\u00eb dhe pritje t\u00eb gjata p\u00ebr njer\u00ebzit q\u00eb udh\u00ebtojn\u00eb p\u00ebr n\u00eb Evrop\u00eb me trena, tragete dhe aeroplan\u00eb.<\/p>\n<p>N\u00eb mars, disa shtete an\u00ebtare u pajtuan q\u00eb zbatimi t\u00eb b\u00ebhet p\u00ebrmes fazave, q\u00eb do t\u00eb nis\u00eb m\u00eb 12 tetor.<\/p>\n<p>\u201cKjo do t\u00eb rris\u00eb sigurin\u00eb\u2026 duke na ndihmuar q\u00eb t\u00eb identifikojm\u00eb personat q\u00eb tejkalojn\u00eb koh\u00ebn e q\u00ebndrimit, t\u00eb parandalojm\u00eb l\u00ebvizjet e parregullta dhe t\u00eb ulim mashtrimet me dokumente dhe identitete\u201d, tha Magnus Brunner, komisionar p\u00ebr Migrim.<\/p>\n<p>Komisioni Evropian tha se p\u00ebr udh\u00ebtar\u00ebt do t\u00eb ket\u00eb fushata informuese n\u00eb aeroporte dhe n\u00eb pik\u00ebkalime kufitare n\u00eb mbar\u00eb BE-n\u00eb para se t\u00eb nis\u00eb zbatimi i sistemit.<\/p>\n","protected":false},"excerpt":{"rendered":"<p>Bashkimi Evropian njoftoi se sistemi i ri i kontrollit kufitar p\u00ebr shtetasit q\u00eb nuk jan\u00eb nga blloku evropian, i cili do t\u2019i jap\u00eb fund vendosjes s\u00eb vulave n\u00ebp\u00ebr pasaporta, do t\u00eb nis\u00eb zbatimin n\u00eb tetor. I ashtuquajturi Sistem i Hyrje\/Daljes (EES) fillimisht ishte parashikuar t\u00eb hynte n\u00eb fuqi n\u00ebntorin e vitit t\u00eb kaluar, por u [&hellip;]<\/p>\n","protected":false},"author":5,"featured_media":43626,"comment_status":"closed","ping_status":"closed","sticky":false,"template":"","format":"standard","meta":{"footnotes":""},"categories":[7664,6332],"tags":[37368],"class_list":{"0":"post-89798","1":"post","2":"type-post","3":"status-publish","4":"format-standard","5":"has-post-thumbnail","7":"category-bota","8":"category-te-fundit","9":"tag-ne-tetor-nis-zbatimi-i-rregullave-te-reja-per-udhetime-ne-zonen-schengen"},"_links":{"self":[{"href":"https:\/\/jugulajm.net\/index.php?rest_route=\/wp\/v2\/posts\/89798","targetHints":{"allow":["GET"]}}],"collection":[{"href":"https:\/\/jugulajm.net\/index.php?rest_route=\/wp\/v2\/posts"}],"about":[{"href":"https:\/\/jugulajm.net\/index.php?rest_route=\/wp\/v2\/types\/post"}],"author":[{"embeddable":true,"href":"https:\/\/jugulajm.net\/index.php?rest_route=\/wp\/v2\/users\/5"}],"replies":[{"embeddable":true,"href":"https:\/\/jugulajm.net\/index.php?rest_route=%2Fwp%2Fv2%2Fcomments&post=89798"}],"version-history":[{"count":1,"href":"https:\/\/jugulajm.net\/index.php?rest_route=\/wp\/v2\/posts\/89798\/revisions"}],"predecessor-version":[{"id":89799,"href":"https:\/\/jugulajm.net\/index.php?rest_route=\/wp\/v2\/posts\/89798\/revisions\/89799"}],"wp:featuredmedia":[{"embeddable":true,"href":"https:\/\/jugulajm.net\/index.php?rest_route=\/wp\/v2\/media\/43626"}],"wp:attachment":[{"href":"https:\/\/jugulajm.net\/index.php?rest_route=%2Fwp%2Fv2%2Fmedia&parent=89798"}],"wp:term":[{"taxonomy":"category","embeddable":true,"href":"https:\/\/jugulajm.net\/index.php?rest_route=%2Fwp%2Fv2%2Fcategories&post=89798"},{"taxonomy":"post_tag","embeddable":true,"href":"https:\/\/jugulajm.net\/index.php?rest_route=%2Fwp%2Fv2%2Ftags&post=89798"}],"curies":[{"name":"wp","href":"https:\/\/api.w.org\/{rel}","templated":true}]}}