{"id":89796,"date":"2025-07-30T18:56:30","date_gmt":"2025-07-30T16:56:30","guid":{"rendered":"https:\/\/jugulajm.net\/?p=89796"},"modified":"2025-07-30T18:56:30","modified_gmt":"2025-07-30T16:56:30","slug":"kryeministri-rama-31-korriku-afati-i-fundit-per-lirimin-e-hapesirave-publike-ndryshe","status":"publish","type":"post","link":"https:\/\/jugulajm.net\/?p=89796","title":{"rendered":"Kryeministri Rama: 31 Korriku, afati i fundit p\u00ebr lirimin e hap\u00ebsirave publike, ndryshe&#8230;"},"content":{"rendered":"<p>Data 31 korrik \u00ebsht\u00eb caktuar si dita e fundit p\u00ebr lirimin vullnetar t\u00eb hap\u00ebsirave publike t\u00eb z\u00ebna pran\u00eb akseve rrugore komb\u00ebtare.<\/p>\n<p>Kryeministri Edi Rama ka theksuar se pas k\u00ebtij afati do t\u00eb ket\u00eb masa nd\u00ebshkuese p\u00ebr t\u00eb gjith\u00eb subjektet q\u00eb refuzojn\u00eb t\u00eb zhvendosen.<\/p>\n<p>\u201c31 Korriku \u00ebsht\u00eb afati i fundit p\u00ebr lirimin vullnetarisht t\u00eb hap\u00ebsirave nga subjektet e vendosura pran\u00eb akseve komb\u00ebtare, t\u00eb cilat jan\u00eb kthyer n\u00eb rrezik p\u00ebr sigurin\u00eb rrugore. Penalizime p\u00ebr t\u00eb gjith\u00eb ata q\u00eb refuzojn\u00eb t\u00eb zhvendosen,\u201d \u2013 ka deklaruar kryeministri Rama.<\/p>\n","protected":false},"excerpt":{"rendered":"<p>Data 31 korrik \u00ebsht\u00eb caktuar si dita e fundit p\u00ebr lirimin vullnetar t\u00eb hap\u00ebsirave publike t\u00eb z\u00ebna pran\u00eb akseve rrugore komb\u00ebtare. Kryeministri Edi Rama ka theksuar se pas k\u00ebtij afati do t\u00eb ket\u00eb masa nd\u00ebshkuese p\u00ebr t\u00eb gjith\u00eb subjektet q\u00eb refuzojn\u00eb t\u00eb zhvendosen. \u201c31 Korriku \u00ebsht\u00eb afati i fundit p\u00ebr lirimin vullnetarisht t\u00eb hap\u00ebsirave nga [&hellip;]<\/p>\n","protected":false},"author":5,"featured_media":63077,"comment_status":"closed","ping_status":"closed","sticky":false,"template":"","format":"standard","meta":{"footnotes":""},"categories":[6332,29228],"tags":[37367,37366,24944],"class_list":{"0":"post-89796","1":"post","2":"type-post","3":"status-publish","4":"format-standard","5":"has-post-thumbnail","7":"category-te-fundit","8":"category-vendi","9":"tag-afati-i-fundit-per-lirimin-e-hapesirave-publike","10":"tag-kryeministri-rama-31-korriku","11":"tag-ndryshe"},"_links":{"self":[{"href":"https:\/\/jugulajm.net\/index.php?rest_route=\/wp\/v2\/posts\/89796","targetHints":{"allow":["GET"]}}],"collection":[{"href":"https:\/\/jugulajm.net\/index.php?rest_route=\/wp\/v2\/posts"}],"about":[{"href":"https:\/\/jugulajm.net\/index.php?rest_route=\/wp\/v2\/types\/post"}],"author":[{"embeddable":true,"href":"https:\/\/jugulajm.net\/index.php?rest_route=\/wp\/v2\/users\/5"}],"replies":[{"embeddable":true,"href":"https:\/\/jugulajm.net\/index.php?rest_route=%2Fwp%2Fv2%2Fcomments&post=89796"}],"version-history":[{"count":1,"href":"https:\/\/jugulajm.net\/index.php?rest_route=\/wp\/v2\/posts\/89796\/revisions"}],"predecessor-version":[{"id":89797,"href":"https:\/\/jugulajm.net\/index.php?rest_route=\/wp\/v2\/posts\/89796\/revisions\/89797"}],"wp:featuredmedia":[{"embeddable":true,"href":"https:\/\/jugulajm.net\/index.php?rest_route=\/wp\/v2\/media\/63077"}],"wp:attachment":[{"href":"https:\/\/jugulajm.net\/index.php?rest_route=%2Fwp%2Fv2%2Fmedia&parent=89796"}],"wp:term":[{"taxonomy":"category","embeddable":true,"href":"https:\/\/jugulajm.net\/index.php?rest_route=%2Fwp%2Fv2%2Fcategories&post=89796"},{"taxonomy":"post_tag","embeddable":true,"href":"https:\/\/jugulajm.net\/index.php?rest_route=%2Fwp%2Fv2%2Ftags&post=89796"}],"curies":[{"name":"wp","href":"https:\/\/api.w.org\/{rel}","templated":true}]}}