{"id":89761,"date":"2025-07-29T17:33:44","date_gmt":"2025-07-29T15:33:44","guid":{"rendered":"https:\/\/jugulajm.net\/?p=89761"},"modified":"2025-07-29T17:33:44","modified_gmt":"2025-07-29T15:33:44","slug":"video-paralajmeron-rama-asnje-lavazh-sdo-qendroje-mes-lagjeve-kush-i-ka-ti-largoje-vete-ndryshe","status":"publish","type":"post","link":"https:\/\/jugulajm.net\/?p=89761","title":{"rendered":"VIDEO\/ Paralajm\u00ebron Rama: Asnj\u00eb lavazh s&#8217;do q\u00ebndroj\u00eb mes lagjeve, kush i ka t\u2019i largoj\u00eb vet\u00eb ndryshe&#8230;"},"content":{"rendered":"<p>Pas heqjes s\u00eb tendave dhe pastrimit t\u00eb trotuareve nga nd\u00ebrtimet t\u00eb cilat kishin bllokuar hap\u00ebsirat publike n\u00eb Tiran\u00eb dhe vend, kryeministri Edi Rama nis paralajm\u00ebrimet p\u00ebr lavazhet.<\/p>\n<p>P\u00ebrmes nj\u00eb video-je n\u00eb rrjetet sociale Rama iu b\u00ebn thirrje t\u2019i largojn\u00eb nga lagjet ku bllokojn\u00eb rrug\u00ebt duke lar\u00eb makinat n\u00ebp\u00ebr trotuare.<\/p>\n<p>\u201cAsnj\u00eb lavazh nuk do t\u00eb q\u00ebndroj\u00eb mes lagjeve p\u00ebr t\u00eb lar\u00eb makinat n\u00ebp\u00ebr trotuare, prandaj kush i ka t\u2019i heq\u00eb vet\u00eb q\u00eb t\u00eb mos paguaj\u00eb edhe gjob\u00ebn e krimit mjedisor.\u201d<\/p>\n<p>Nisma vjen si pjes\u00eb e fushat\u00ebs p\u00ebr lirimin e hap\u00ebsirave publike dhe mbrojtjen e mjedisit urban.<\/p>\n<div>\n<div class=\"kodiim\" data-mce-contenteditable=\"false\"><iframe loading=\"lazy\" src=\"https:\/\/www.facebook.com\/plugins\/video.php?height=476&amp;href=https%3A%2F%2Fwww.facebook.com%2Fediramaal%2Fvideos%2F1447260829795268%2F&amp;show_text=false&amp;width=269&amp;t=0\" width=\"269\" height=\"476\" frameborder=\"0\" scrolling=\"no\" allowfullscreen=\"allowfullscreen\" data-mce-fragment=\"1\"><\/iframe><\/div>\n<\/div>\n","protected":false},"excerpt":{"rendered":"<p>Pas heqjes s\u00eb tendave dhe pastrimit t\u00eb trotuareve nga nd\u00ebrtimet t\u00eb cilat kishin bllokuar hap\u00ebsirat publike n\u00eb Tiran\u00eb dhe vend, kryeministri Edi Rama nis paralajm\u00ebrimet p\u00ebr lavazhet. P\u00ebrmes nj\u00eb video-je n\u00eb rrjetet sociale Rama iu b\u00ebn thirrje t\u2019i largojn\u00eb nga lagjet ku bllokojn\u00eb rrug\u00ebt duke lar\u00eb makinat n\u00ebp\u00ebr trotuare. \u201cAsnj\u00eb lavazh nuk do t\u00eb q\u00ebndroj\u00eb [&hellip;]<\/p>\n","protected":false},"author":5,"featured_media":51509,"comment_status":"closed","ping_status":"closed","sticky":false,"template":"","format":"standard","meta":{"footnotes":""},"categories":[6332,29228],"tags":[37352,37351],"class_list":{"0":"post-89761","1":"post","2":"type-post","3":"status-publish","4":"format-standard","5":"has-post-thumbnail","7":"category-te-fundit","8":"category-vendi","9":"tag-kush-i-ka-ti-largoje-vete-ndryshe","10":"tag-video-paralajmeron-rama-asnje-lavazh-sdo-qendroje-mes-lagjeve"},"_links":{"self":[{"href":"https:\/\/jugulajm.net\/index.php?rest_route=\/wp\/v2\/posts\/89761","targetHints":{"allow":["GET"]}}],"collection":[{"href":"https:\/\/jugulajm.net\/index.php?rest_route=\/wp\/v2\/posts"}],"about":[{"href":"https:\/\/jugulajm.net\/index.php?rest_route=\/wp\/v2\/types\/post"}],"author":[{"embeddable":true,"href":"https:\/\/jugulajm.net\/index.php?rest_route=\/wp\/v2\/users\/5"}],"replies":[{"embeddable":true,"href":"https:\/\/jugulajm.net\/index.php?rest_route=%2Fwp%2Fv2%2Fcomments&post=89761"}],"version-history":[{"count":1,"href":"https:\/\/jugulajm.net\/index.php?rest_route=\/wp\/v2\/posts\/89761\/revisions"}],"predecessor-version":[{"id":89762,"href":"https:\/\/jugulajm.net\/index.php?rest_route=\/wp\/v2\/posts\/89761\/revisions\/89762"}],"wp:featuredmedia":[{"embeddable":true,"href":"https:\/\/jugulajm.net\/index.php?rest_route=\/wp\/v2\/media\/51509"}],"wp:attachment":[{"href":"https:\/\/jugulajm.net\/index.php?rest_route=%2Fwp%2Fv2%2Fmedia&parent=89761"}],"wp:term":[{"taxonomy":"category","embeddable":true,"href":"https:\/\/jugulajm.net\/index.php?rest_route=%2Fwp%2Fv2%2Fcategories&post=89761"},{"taxonomy":"post_tag","embeddable":true,"href":"https:\/\/jugulajm.net\/index.php?rest_route=%2Fwp%2Fv2%2Ftags&post=89761"}],"curies":[{"name":"wp","href":"https:\/\/api.w.org\/{rel}","templated":true}]}}