{"id":89745,"date":"2025-07-28T19:54:39","date_gmt":"2025-07-28T17:54:39","guid":{"rendered":"https:\/\/jugulajm.net\/?p=89745"},"modified":"2025-07-28T19:58:11","modified_gmt":"2025-07-28T17:58:11","slug":"foto-rrezikoi-jeten-te-shpetonte-banoret-rrefehet-komisar-troci","status":"publish","type":"post","link":"https:\/\/jugulajm.net\/?p=89745","title":{"rendered":"FOTO\/ Rrezikoi jet\u00ebn t\u00eb shp\u00ebtonte banor\u00ebt nga zjarri, rr\u00ebfehet Komisar Troci&#8230;"},"content":{"rendered":"<p>Ky \u00ebsht\u00eb komisari Agim Troci, prej 3 dit\u00ebsh ndodhet n\u00eb nj\u00eb shtrat spitali me djegie t\u00eb shkall\u00ebs s\u00eb dyt\u00eb dhe t\u00eb tret\u00eb n\u00eb trup pasi mbeti i bllokuar mes flak\u00ebve n\u00eb fshatin Kopa\u00e7\u00ebz t\u00eb Delvin\u00ebs teksa po evakuonte banor\u00ebt.<\/p>\n<p>N\u00eb temperatura p\u00ebrv\u00ebluese teksa flak\u00ebt shkrumbonin gjith\u00e7ka u dilte para, komisari bashk\u00eb me vart\u00ebsit e tij dhe ekipin e zjarrfik\u00ebsve iu p\u00ebrgjigj thirrjes p\u00ebr ndihm\u00eb.<\/p>\n<p>\u201cNa than\u00eb zjarrfik\u00ebset q\u00eb banor\u00ebt nuk pranojn\u00eb t\u00eb evakuohen. Mes tyre ishte dhe nj\u00eb f\u00ebmij\u00eb 10 vje\u00e7. Mor\u00ebm n\u00eb krah\u00eb dhe nj\u00eb grua t\u00eb moshuar. Pastaj nj\u00eb \u00e7ift t\u00eb moshuarish q\u00eb nuk pranonin\u201d, u shpreh Agim Troci, shef i komisariatit Delvin\u00eb .<\/p>\n<p>Minutat e harxhuara duke bindur banor\u00ebt se jeta e tyre ishte m\u00eb e shtrenjt\u00eb se prona dhe kontrollet p\u00ebr t\u00eb evakuuar banor\u00eb n\u00eb banesat e mbetura b\u00ebn\u00eb q\u00eb flak\u00ebt t\u00eb zinin n\u00eb kurth Shefin e komisariatit t\u00eb Delvin\u00ebs.<\/p>\n<p>\u201cGjeta nj\u00eb kov\u00eb t\u00eb vog\u00ebl me uj\u00eb laga bluz\u00ebn thash\u00eb t\u00eb mos asfiksohem. U \u00e7oj lokacionin koleg\u00ebve. Telefonat mu bllokuan nga nxeht\u00ebsia. U ula u mendova. Ishte moment i v\u00ebshtir\u00eb mendova f\u00ebmij\u00ebt dhe familjen. Kam vrapuar 100 metra p\u00ebr t\u00eb gjetur zjarrfik\u00ebsen ku e lash\u00eb, por nuk e gjeta. Kishte shum\u00eb tym dhe bloz\u00eb, kam r\u00ebn\u00eb pa ndjenja\u201d, tha Troci.<\/p>\n<p>P\u00ebr fat t\u00eb mir\u00eb komisari u pa nga zjarrfik\u00ebset teksa doli mes tymit dhe flak\u00ebve dhe u transportua fillimisht n\u00eb spitalin e Delvin\u00ebs pastaj n\u00eb spitalin e Sarand\u00ebs dhe m\u00eb pas me helikopter drejt QSUT-s\u00eb ku mori nj\u00eb trajtim m\u00eb t\u00eb specializuar.<\/p>\n<p>Pret 15 vitesh si pjese e uniformave blu, Agimi ishte m\u00ebsuar t\u2019u sh\u00ebrbente njer\u00ebzve nd\u00ebrsa tani atij i sh\u00ebrbejn\u00eb dhe i shprehin mir\u00ebnjohje t\u00eb njohur dhe t\u00eb panjohur duke e quajtur aktin e tij heroik, nd\u00ebrsa ai vet\u00eb e sheh si di\u00e7ka m\u00eb se t\u00eb zakonshme dhe mezi pret t\u00eb kthehet n\u00eb pun\u00eb.<\/p>\n<p>\u201cKam m\u00eb shum\u00eb se 2500 mesazhe n\u00eb telefon. Jam ndjer\u00eb mir\u00eb. Vizita nga e gjith\u00eb Shqip\u00ebria. Por sinqerisht nuk kam b\u00ebr\u00eb asgj\u00eb p\u00ebr t\u00eb marr\u00eb k\u00ebt\u00eb protagoniz\u00ebm. Njer\u00ebzit duhet t\u00eb veprojn\u00eb me zem\u00ebr. Zemra nuk t\u00eb l\u00eb t\u00eb gabosh asnj\u00ebher\u00eb. Un\u00eb mezi pres t\u00eb kthehem n\u00eb pun\u00eb\u201d, p\u00ebrfundoi Troci.<\/p>\n<p>N\u00eb nj\u00eb koh\u00eb kur n\u00eb lajme shpesh shfaqen punonj\u00ebs policie n\u00eb an\u00ebn e kund\u00ebr t\u00eb ligjit apo q\u00eb nuk p\u00ebrmbushin p\u00ebrgjegj\u00ebsit\u00eb e tyre, historia e Komisar Agim Trocit frym\u00ebzon.<\/p>\n<p>Ai veproi p\u00ebrtej uniform\u00ebs, ligjit dhe rregullave p\u00ebr t\u00eb shp\u00ebtuar jet\u00eb njer\u00ebzish duke rrezikuar t\u00eb tij\u00ebn.<\/p>\n","protected":false},"excerpt":{"rendered":"<p>Ky \u00ebsht\u00eb komisari Agim Troci, prej 3 dit\u00ebsh ndodhet n\u00eb nj\u00eb shtrat spitali me djegie t\u00eb shkall\u00ebs s\u00eb dyt\u00eb dhe t\u00eb tret\u00eb n\u00eb trup pasi mbeti i bllokuar mes flak\u00ebve n\u00eb fshatin Kopa\u00e7\u00ebz t\u00eb Delvin\u00ebs teksa po evakuonte banor\u00ebt. N\u00eb temperatura p\u00ebrv\u00ebluese teksa flak\u00ebt shkrumbonin gjith\u00e7ka u dilte para, komisari bashk\u00eb me vart\u00ebsit e tij [&hellip;]<\/p>\n","protected":false},"author":5,"featured_media":89746,"comment_status":"closed","ping_status":"closed","sticky":false,"template":"","format":"standard","meta":{"footnotes":""},"categories":[1,6332],"tags":[37342,37343],"class_list":{"0":"post-89745","1":"post","2":"type-post","3":"status-publish","4":"format-standard","5":"has-post-thumbnail","7":"category-aktualitet","8":"category-te-fundit","9":"tag-foto-rrezikoi-jeten-te-shpetonte-banoret","10":"tag-rrefehet-komisari-troci"},"_links":{"self":[{"href":"https:\/\/jugulajm.net\/index.php?rest_route=\/wp\/v2\/posts\/89745","targetHints":{"allow":["GET"]}}],"collection":[{"href":"https:\/\/jugulajm.net\/index.php?rest_route=\/wp\/v2\/posts"}],"about":[{"href":"https:\/\/jugulajm.net\/index.php?rest_route=\/wp\/v2\/types\/post"}],"author":[{"embeddable":true,"href":"https:\/\/jugulajm.net\/index.php?rest_route=\/wp\/v2\/users\/5"}],"replies":[{"embeddable":true,"href":"https:\/\/jugulajm.net\/index.php?rest_route=%2Fwp%2Fv2%2Fcomments&post=89745"}],"version-history":[{"count":2,"href":"https:\/\/jugulajm.net\/index.php?rest_route=\/wp\/v2\/posts\/89745\/revisions"}],"predecessor-version":[{"id":89748,"href":"https:\/\/jugulajm.net\/index.php?rest_route=\/wp\/v2\/posts\/89745\/revisions\/89748"}],"wp:featuredmedia":[{"embeddable":true,"href":"https:\/\/jugulajm.net\/index.php?rest_route=\/wp\/v2\/media\/89746"}],"wp:attachment":[{"href":"https:\/\/jugulajm.net\/index.php?rest_route=%2Fwp%2Fv2%2Fmedia&parent=89745"}],"wp:term":[{"taxonomy":"category","embeddable":true,"href":"https:\/\/jugulajm.net\/index.php?rest_route=%2Fwp%2Fv2%2Fcategories&post=89745"},{"taxonomy":"post_tag","embeddable":true,"href":"https:\/\/jugulajm.net\/index.php?rest_route=%2Fwp%2Fv2%2Ftags&post=89745"}],"curies":[{"name":"wp","href":"https:\/\/api.w.org\/{rel}","templated":true}]}}