{"id":89711,"date":"2025-07-28T07:38:40","date_gmt":"2025-07-28T05:38:40","guid":{"rendered":"https:\/\/jugulajm.net\/?p=89711"},"modified":"2025-07-28T07:38:40","modified_gmt":"2025-07-28T05:38:40","slug":"lajm-i-fundit-foto-shtepia-perfshihet-nga-zjarri-humb-jeten-52-vjecarja","status":"publish","type":"post","link":"https:\/\/jugulajm.net\/?p=89711","title":{"rendered":"LAJM I FUNDIT!! (FOTO) Sht\u00ebpia p\u00ebrfshihet nga zjarri, humb jet\u00ebn 52-vje\u00e7arja"},"content":{"rendered":"<p>Nj\u00eb ngjarje e r\u00ebnd\u00eb ka ndodhur kete mengjes, ku nj\u00eb 52-vje\u00e7are ka humbur jet\u00ebn si pasoj\u00eb e zjarrit n\u00eb banes\u00eb,<\/p>\n<p>M\u00ebsohet se 52-vje\u00e7arja nd\u00ebrroi jet\u00eb si pasoj\u00eb e asfiksis\u00eb nga tymi.<\/p>\n<p>Ngjarja ka ndodhur n\u00eb lagjen nr. 1 t\u00eb qytetit t\u00eb Pogradecit.<\/p>\n<p><strong>Njoftimi i policis\u00eb<\/strong><\/p>\n<p><em>Rreth or\u00ebs 06:00, n\u00eb lagjen nr. 1, n\u00eb banes\u00ebn e shtetases K. T., rreth 52 vje\u00e7e, ka r\u00ebn\u00eb\u00a0zjarr.<\/em><\/p>\n<p><em>Si pasoj\u00eb e asfiksimit nga tymi, ka nd\u00ebrruar jet\u00eb 52-vje\u00e7arja.<\/em><\/p>\n<p><em>Grupi hetimor dhe sh\u00ebrbimi zjarrfik\u00ebs ndodhen n\u00eb vendngjarje, ku kan\u00eb b\u00ebr\u00eb t\u00eb mundur shuarjen e zjarrit dhe po punojn\u00eb p\u00ebr sqarimin e plot\u00eb t\u00eb rrethanave t\u00eb rastit.<\/em><\/p>\n<p><em><img decoding=\"async\" src=\"https:\/\/cdnimpuls.com\/a2news.com\/media3\/-900-0-1753679966xwhatsapp-image-2025-07-28-at-71824-am-739.jpeg\" alt=\"E r\u00ebnd\u00eb n\u00eb Pogradec! Vdes p\u00ebr shkak t\u00eb zjarrit\" \/><img decoding=\"async\" src=\"https:\/\/cdnimpuls.com\/a2news.com\/media3\/-900-0-1753679967xwhatsapp-image-2025-07-28-at-71823-am-845.jpeg\" alt=\"E r\u00ebnd\u00eb n\u00eb Pogradec! Vdes p\u00ebr shkak t\u00eb zjarrit\" \/><\/em><\/p>\n<p>&nbsp;<\/p>\n","protected":false},"excerpt":{"rendered":"<p>Nj\u00eb ngjarje e r\u00ebnd\u00eb ka ndodhur kete mengjes, ku nj\u00eb 52-vje\u00e7are ka humbur jet\u00ebn si pasoj\u00eb e zjarrit n\u00eb banes\u00eb, M\u00ebsohet se 52-vje\u00e7arja nd\u00ebrroi jet\u00eb si pasoj\u00eb e asfiksis\u00eb nga tymi. Ngjarja ka ndodhur n\u00eb lagjen nr. 1 t\u00eb qytetit t\u00eb Pogradecit. Njoftimi i policis\u00eb Rreth or\u00ebs 06:00, n\u00eb lagjen nr. 1, n\u00eb banes\u00ebn e [&hellip;]<\/p>\n","protected":false},"author":5,"featured_media":56139,"comment_status":"closed","ping_status":"closed","sticky":false,"template":"","format":"standard","meta":{"footnotes":""},"categories":[1,6332,29228],"tags":[26283,37324],"class_list":{"0":"post-89711","1":"post","2":"type-post","3":"status-publish","4":"format-standard","5":"has-post-thumbnail","7":"category-aktualitet","8":"category-te-fundit","9":"category-vendi","10":"tag-humb-jeten-52-vjecarja","11":"tag-lajm-i-fundit-foto-shtepia-perfshihet-nga-zjarri"},"_links":{"self":[{"href":"https:\/\/jugulajm.net\/index.php?rest_route=\/wp\/v2\/posts\/89711","targetHints":{"allow":["GET"]}}],"collection":[{"href":"https:\/\/jugulajm.net\/index.php?rest_route=\/wp\/v2\/posts"}],"about":[{"href":"https:\/\/jugulajm.net\/index.php?rest_route=\/wp\/v2\/types\/post"}],"author":[{"embeddable":true,"href":"https:\/\/jugulajm.net\/index.php?rest_route=\/wp\/v2\/users\/5"}],"replies":[{"embeddable":true,"href":"https:\/\/jugulajm.net\/index.php?rest_route=%2Fwp%2Fv2%2Fcomments&post=89711"}],"version-history":[{"count":1,"href":"https:\/\/jugulajm.net\/index.php?rest_route=\/wp\/v2\/posts\/89711\/revisions"}],"predecessor-version":[{"id":89712,"href":"https:\/\/jugulajm.net\/index.php?rest_route=\/wp\/v2\/posts\/89711\/revisions\/89712"}],"wp:featuredmedia":[{"embeddable":true,"href":"https:\/\/jugulajm.net\/index.php?rest_route=\/wp\/v2\/media\/56139"}],"wp:attachment":[{"href":"https:\/\/jugulajm.net\/index.php?rest_route=%2Fwp%2Fv2%2Fmedia&parent=89711"}],"wp:term":[{"taxonomy":"category","embeddable":true,"href":"https:\/\/jugulajm.net\/index.php?rest_route=%2Fwp%2Fv2%2Fcategories&post=89711"},{"taxonomy":"post_tag","embeddable":true,"href":"https:\/\/jugulajm.net\/index.php?rest_route=%2Fwp%2Fv2%2Ftags&post=89711"}],"curies":[{"name":"wp","href":"https:\/\/api.w.org\/{rel}","templated":true}]}}