{"id":89664,"date":"2025-07-26T13:15:06","date_gmt":"2025-07-26T11:15:06","guid":{"rendered":"https:\/\/jugulajm.net\/?p=89664"},"modified":"2025-07-26T13:15:58","modified_gmt":"2025-07-26T11:15:58","slug":"kodi-i-ri-penal-profilet-false-ne-fb-insta-etj-me-fotot-e-te-tjereve-denohet-me-3-vite-burg","status":"publish","type":"post","link":"https:\/\/jugulajm.net\/?p=89664","title":{"rendered":"Kodi i ri Penal: Profilet false n\u00eb fb, insta, tik tok, etj. me fotot e t\u00eb tjer\u00ebve denohet me 3 vite burg"},"content":{"rendered":"<div class=\"html-div xdj266r x14z9mp xat24cr x1lziwak xexx8yu xyri2b x18d9i69 x1c1uobl xh8yej3\">\n<div class=\"html-div xdj266r x14z9mp xat24cr x1lziwak xexx8yu xyri2b x18d9i69 x1c1uobl x6s0dn4 x78zum5 x2lah0s x1qughib x879a55 x1n2onr6\">\n<div class=\"html-div xdj266r x14z9mp xat24cr x1lziwak xexx8yu xyri2b x18d9i69 x1c1uobl x6s0dn4 x78zum5 xeuugli\">\n<p><span class=\"s2\">P\u00ebrdorimi i imazhit t\u00eb nj\u00eb personi pa p\u00eblqimin e tij, p\u00ebr t\u00eb krijuar profile t\u00eb rreme n\u00eb rrjete sociale apo n\u00eb \u00e7do platform\u00eb tjet\u00ebr publike, do t\u00eb d\u00ebnohet me\u00a0<\/span><span class=\"s1\">gjob\u00eb ose deri n\u00eb 3 vite burgim<\/span><span class=\"s2\">.<\/span><\/p>\n<p class=\"p1\"><span class=\"s2\">Ky \u00ebsht\u00eb parashikimi i\u00a0<\/span><span class=\"s1\">nenit 842<\/span><span class=\"s2\">\u00a0t\u00eb draftit t\u00eb ri t\u00eb Kodit Penal, i cili trajton p\u00ebr her\u00eb t\u00eb par\u00eb n\u00eb m\u00ebnyr\u00eb t\u00eb qart\u00eb dhe t\u00eb drejtp\u00ebrdrejt\u00eb\u00a0<\/span><span class=\"s1\">\u201cP\u00ebrdorimin e paligjsh\u00ebm t\u00eb imazhit\u201d<\/span><span class=\"s2\">.<\/span><\/p>\n<p class=\"p1\"><span class=\"s2\">Sipas k\u00ebtij neni, kushdo q\u00eb p\u00ebrdor imazhin e nj\u00eb personi tjet\u00ebr p\u00ebr t\u00eb publikuar njoftime apo p\u00ebr t\u00eb hapur profile t\u00eb rreme n\u00eb internet,\u00a0<\/span><span class=\"s1\">pa miratimin e mbajt\u00ebsit t\u00eb imazhit<\/span><span class=\"s2\">, dhe kur ky veprim shkakton\u00a0<\/span><span class=\"s1\">ngacmim<\/span><span class=\"s2\">,\u00a0<\/span><span class=\"s1\">p\u00ebrndjekje<\/span><span class=\"s2\">\u00a0ose\u00a0<\/span><span class=\"s1\">posht\u00ebrim<\/span><span class=\"s2\">, do t\u00eb p\u00ebrballet me nd\u00ebshkim penal.<\/span><\/p>\n<p class=\"p1\"><span class=\"s2\">Megjithat\u00eb, ndjekja penale\u00a0<\/span><span class=\"s1\">nuk fillon automatikisht<\/span><span class=\"s2\">: ajo nis vet\u00ebm n\u00ebse\u00a0<\/span><span class=\"s1\">viktima ose avokati i saj\u00a0<\/span><span class=\"s2\">b\u00ebn kall\u00ebzim pran\u00eb autoriteteve dhe\u00a0<\/span><span class=\"s1\">pushon<\/span><span class=\"s2\">\u00a0n\u00ebse pala e d\u00ebmtuar\u00a0<\/span><span class=\"s1\">heq dor\u00eb nga ndjekja<\/span><span class=\"s2\">.<\/span><\/p>\n<p class=\"p1\"><span class=\"s2\">Ky ndryshim \u00ebsht\u00eb pjes\u00eb e p\u00ebrpjekjeve p\u00ebr t\u00eb forcuar mbrojtjen ligjore t\u00eb privat\u00ebsis\u00eb n\u00eb epok\u00ebn dixhitale dhe p\u00ebr t\u00eb parandaluar abuzimet gjithnj\u00eb e m\u00eb t\u00eb shpeshta n\u00eb internet.<\/span><\/p>\n<\/div>\n<\/div>\n<\/div>\n","protected":false},"excerpt":{"rendered":"<p>P\u00ebrdorimi i imazhit t\u00eb nj\u00eb personi pa p\u00eblqimin e tij, p\u00ebr t\u00eb krijuar profile t\u00eb rreme n\u00eb rrjete sociale apo n\u00eb \u00e7do platform\u00eb tjet\u00ebr publike, do t\u00eb d\u00ebnohet me\u00a0gjob\u00eb ose deri n\u00eb 3 vite burgim. Ky \u00ebsht\u00eb parashikimi i\u00a0nenit 842\u00a0t\u00eb draftit t\u00eb ri t\u00eb Kodit Penal, i cili trajton p\u00ebr her\u00eb t\u00eb par\u00eb n\u00eb m\u00ebnyr\u00eb [&hellip;]<\/p>\n","protected":false},"author":5,"featured_media":72424,"comment_status":"closed","ping_status":"closed","sticky":false,"template":"","format":"standard","meta":{"footnotes":""},"categories":[1,6332,29228],"tags":[37303,37302],"class_list":{"0":"post-89664","1":"post","2":"type-post","3":"status-publish","4":"format-standard","5":"has-post-thumbnail","7":"category-aktualitet","8":"category-te-fundit","9":"category-vendi","10":"tag-insta-etj-me-fotot-e-te-tjereve-denohet-me-3-vite-burg","11":"tag-kodi-i-ri-penal-profilet-false-ne-fb"},"_links":{"self":[{"href":"https:\/\/jugulajm.net\/index.php?rest_route=\/wp\/v2\/posts\/89664","targetHints":{"allow":["GET"]}}],"collection":[{"href":"https:\/\/jugulajm.net\/index.php?rest_route=\/wp\/v2\/posts"}],"about":[{"href":"https:\/\/jugulajm.net\/index.php?rest_route=\/wp\/v2\/types\/post"}],"author":[{"embeddable":true,"href":"https:\/\/jugulajm.net\/index.php?rest_route=\/wp\/v2\/users\/5"}],"replies":[{"embeddable":true,"href":"https:\/\/jugulajm.net\/index.php?rest_route=%2Fwp%2Fv2%2Fcomments&post=89664"}],"version-history":[{"count":2,"href":"https:\/\/jugulajm.net\/index.php?rest_route=\/wp\/v2\/posts\/89664\/revisions"}],"predecessor-version":[{"id":89666,"href":"https:\/\/jugulajm.net\/index.php?rest_route=\/wp\/v2\/posts\/89664\/revisions\/89666"}],"wp:featuredmedia":[{"embeddable":true,"href":"https:\/\/jugulajm.net\/index.php?rest_route=\/wp\/v2\/media\/72424"}],"wp:attachment":[{"href":"https:\/\/jugulajm.net\/index.php?rest_route=%2Fwp%2Fv2%2Fmedia&parent=89664"}],"wp:term":[{"taxonomy":"category","embeddable":true,"href":"https:\/\/jugulajm.net\/index.php?rest_route=%2Fwp%2Fv2%2Fcategories&post=89664"},{"taxonomy":"post_tag","embeddable":true,"href":"https:\/\/jugulajm.net\/index.php?rest_route=%2Fwp%2Fv2%2Ftags&post=89664"}],"curies":[{"name":"wp","href":"https:\/\/api.w.org\/{rel}","templated":true}]}}