{"id":89653,"date":"2025-07-26T09:50:01","date_gmt":"2025-07-26T07:50:01","guid":{"rendered":"https:\/\/jugulajm.net\/?p=89653"},"modified":"2025-07-26T09:52:37","modified_gmt":"2025-07-26T07:52:37","slug":"parashikimi-i-motir-per-sot-ja-sa-do-te-jene-temperaturat","status":"publish","type":"post","link":"https:\/\/jugulajm.net\/?p=89653","title":{"rendered":"Parashikimi i motit p\u00ebr sot, ja sa do t\u00eb jen\u00eb temperaturat&#8230;"},"content":{"rendered":"<p>Dit\u00ebn e sotme vendi yn\u00eb, do t\u00eb jet\u00eb n\u00ebn ndikimin e kushteve atmosferike t\u00eb q\u00ebndrueshme dhe t\u00eb nxehta me temperatura q\u00eb do t\u00eb shkojn\u00eb mbi 40 grad\u00eb Celsius n\u00eb disa qytete.<\/p>\n<p>Moti parashikohet t\u00eb jet\u00eb i kthjell\u00ebt n\u00eb pjes\u00ebn m\u00eb t\u00eb madhe t\u00eb territorit, nd\u00ebrsa vran\u00ebsirat do t\u00eb jen\u00eb t\u00eb pakta kalimtare n\u00eb relievet malore n\u00eb Verilindje e Juglindje.<\/p>\n<p>Era pritet t\u00eb jet\u00eb me drejtim Juglindje-Veriper\u00ebndim me shpejt\u00ebsi mesatare 6 m\/s, n\u00eb bregdet dhe lugina hera-her\u00ebs do t\u00eb arrij\u00eb 7- 9 m\/s.<\/p>\n","protected":false},"excerpt":{"rendered":"<p>Dit\u00ebn e sotme vendi yn\u00eb, do t\u00eb jet\u00eb n\u00ebn ndikimin e kushteve atmosferike t\u00eb q\u00ebndrueshme dhe t\u00eb nxehta me temperatura q\u00eb do t\u00eb shkojn\u00eb mbi 40 grad\u00eb Celsius n\u00eb disa qytete. Moti parashikohet t\u00eb jet\u00eb i kthjell\u00ebt n\u00eb pjes\u00ebn m\u00eb t\u00eb madhe t\u00eb territorit, nd\u00ebrsa vran\u00ebsirat do t\u00eb jen\u00eb t\u00eb pakta kalimtare n\u00eb relievet malore [&hellip;]<\/p>\n","protected":false},"author":5,"featured_media":47842,"comment_status":"closed","ping_status":"closed","sticky":false,"template":"","format":"standard","meta":{"footnotes":""},"categories":[7650,6332,29228],"tags":[37296,20148],"class_list":{"0":"post-89653","1":"post","2":"type-post","3":"status-publish","4":"format-standard","5":"has-post-thumbnail","7":"category-moti","8":"category-te-fundit","9":"category-vendi","10":"tag-ja-sa-do-te-jene-temperaturat","11":"tag-parashikimi-i-motit-per-sot"},"_links":{"self":[{"href":"https:\/\/jugulajm.net\/index.php?rest_route=\/wp\/v2\/posts\/89653","targetHints":{"allow":["GET"]}}],"collection":[{"href":"https:\/\/jugulajm.net\/index.php?rest_route=\/wp\/v2\/posts"}],"about":[{"href":"https:\/\/jugulajm.net\/index.php?rest_route=\/wp\/v2\/types\/post"}],"author":[{"embeddable":true,"href":"https:\/\/jugulajm.net\/index.php?rest_route=\/wp\/v2\/users\/5"}],"replies":[{"embeddable":true,"href":"https:\/\/jugulajm.net\/index.php?rest_route=%2Fwp%2Fv2%2Fcomments&post=89653"}],"version-history":[{"count":3,"href":"https:\/\/jugulajm.net\/index.php?rest_route=\/wp\/v2\/posts\/89653\/revisions"}],"predecessor-version":[{"id":89656,"href":"https:\/\/jugulajm.net\/index.php?rest_route=\/wp\/v2\/posts\/89653\/revisions\/89656"}],"wp:featuredmedia":[{"embeddable":true,"href":"https:\/\/jugulajm.net\/index.php?rest_route=\/wp\/v2\/media\/47842"}],"wp:attachment":[{"href":"https:\/\/jugulajm.net\/index.php?rest_route=%2Fwp%2Fv2%2Fmedia&parent=89653"}],"wp:term":[{"taxonomy":"category","embeddable":true,"href":"https:\/\/jugulajm.net\/index.php?rest_route=%2Fwp%2Fv2%2Fcategories&post=89653"},{"taxonomy":"post_tag","embeddable":true,"href":"https:\/\/jugulajm.net\/index.php?rest_route=%2Fwp%2Fv2%2Ftags&post=89653"}],"curies":[{"name":"wp","href":"https:\/\/api.w.org\/{rel}","templated":true}]}}