{"id":89633,"date":"2025-07-25T12:33:02","date_gmt":"2025-07-25T10:33:02","guid":{"rendered":"https:\/\/jugulajm.net\/?p=89633"},"modified":"2025-07-25T12:33:02","modified_gmt":"2025-07-25T10:33:02","slug":"genjeshtra-e-madhe-e-11-majit-kush-genjeu-ke-dhe-per-cfare","status":"publish","type":"post","link":"https:\/\/jugulajm.net\/?p=89633","title":{"rendered":"G\u00ebnjeshtra e Madhe e 11 Majit: Kush g\u00ebnjeu, k\u00eb dhe p\u00ebr \u00e7far\u00eb?"},"content":{"rendered":"<p><em><strong>Nga Fejzo Subashi<\/strong><\/em><\/p>\n<p>Kush m\u00eb shum\u00eb e kush m\u00eb pak, i gjith\u00eb spektri politik, nga e majta n\u00eb t\u00eb djatht\u00eb,qofshin k\u00ebto partit\u00eb e m\u00ebdha, apo ato t\u00eb voglat , m\u00eb g\u00ebnjyen dhe na g\u00ebnjyen n\u00eb zgjedhjet e 11 majit. T\u00eb gjith\u00eb! Pa p\u00ebrjashtim.<br \/>\nPak r\u00ebnd\u00ebsi ka se k\u00eb votova dhe p\u00ebr k\u00eb votuat ju. Ajo q\u00eb ka v\u00ebrtet r\u00ebnd\u00ebsi \u00ebsht\u00eb se t\u00eb gjith\u00eb m\u00eb pat\u00ebn me hile. Jo vet\u00ebm ata q\u00eb u zgjodh\u00ebn, por edhe ne q\u00eb i zgjodh\u00ebm. Ata q\u00eb votuam, pavar\u00ebsisht se jan\u00eb n\u00eb maxhoranc apo n\u00eb opozit\u00eb, na mashtruan. Nuk mbetemi larg, apo jemi m\u00eb t\u00eb mir\u00eb ne q\u00eb votuam sesa ata q\u00eb votuam, pasi edhe ne q\u00eb votuam g\u00ebnjyem, pse jo edhe mashtruam vetveten. K\u00ebshtu, bashk\u00eb, ata q\u00eb mor\u00ebn vot\u00ebn dhe ne q\u00eb e dham\u00eb vot\u00ebn, mashtruam vendin. Dhe ky \u00ebsht\u00eb realiteti m\u00eb i dhimbsh\u00ebm q\u00eb pak kush guxon ta pranoj\u00eb me z\u00eb t\u00eb lart\u00eb. Un\u00eb e pranoj dhe m\u00eb vret edhe nd\u00ebrgjegjia.<br \/>\nAta q\u00eb votuam, e b\u00ebn\u00eb p\u00ebr interesin e tyre. Ne q\u00eb votuam, ndoshta p\u00ebr ndonj\u00eb shpres\u00eb t\u00eb verb\u00ebr, ndonj\u00eb iluzion t\u00eb p\u00ebrkohsh\u00ebm, ndonj\u00eb \u201cnjohje personale\u201d. Por sido q\u00eb t\u00eb jet\u00eb, t\u00eb keqen vendit ja b\u00ebm\u00eb si p\u00ebrher\u00eb. Dhe kjo \u00ebsht\u00eb e sigurt dhe nuk diskutohet m\u00eb.<br \/>\nTani ajo q\u00eb iku, iku. Nuk kthehet m\u00eb. Tashm\u00eb r\u00ebnd\u00ebsi ka vet\u00ebm si do t\u00eb vazhdojm\u00eb. Do konstatojm\u00eb? Do denoncojm\u00eb? Do gjykojm\u00eb? Do analizojm\u00eb? Do nxjerrin p\u00ebrgjegj\u00ebsi dhe t\u00eb v\u00ebm\u00eb mend? Apo do e shtyjm\u00eb si p\u00ebrher\u00eb me komente boshe kafenesh, nd\u00ebrruar mes vetes dhe harres\u00ebs?<\/p>\n<p>As ata q\u00eb fituan nuk e donin k\u00ebt\u00eb rezultat t\u00eb shterp\u00ebt. As ata q\u00eb humb\u00ebn, jo q\u00eb jo. As ne q\u00eb votuam nuk e desh\u00ebm, por prap\u00eb at\u00eb ne m\u00eb n\u00eb fund e prodhuam. Dhe ky \u00ebsht\u00eb paradoksi i p\u00ebrs\u00ebritur sa her\u00eb votojm\u00eb. E dim\u00eb \u00e7far\u00eb ndodh, e kemi provuar, por s\u00ebrish nuk nxjerrim mend. As m\u00ebsojm\u00eb, e aq m\u00eb pak ndryshojm\u00eb.<br \/>\nP\u00ebr m\u00eb tep\u00ebr, jo vet\u00ebm q\u00eb askush nuk mban p\u00ebrgjegj\u00ebsi, por \u00e7udit\u00ebrisht t\u00eb gjith\u00eb e k\u00ebrkojn\u00eb tek t\u00eb tjer\u00ebt. Ne k\u00ebrkojm\u00eb q\u00eb \u201ct\u00eb vjetrit\u201d t\u00eb largohen, por po ne jemi ata q\u00eb i votojm\u00eb m\u00eb shum\u00eb se t\u00eb rinjt\u00eb. Ironia m\u00eb e madhe \u00ebsht\u00eb te \u201ct\u00eb rinjt\u00eb\u201d: premtimet i kan\u00eb t\u00eb pafundme, por sjelljet, qasjet, madje edhe kostumin e kan\u00eb nj\u00ebsoj si t\u00eb vjetrit. Flasin si ata, sillen si ata, premtimet i kan\u00eb po aq t\u00eb zbraz\u00ebta si ata. Ku \u00ebsht\u00eb ndryshimi?<br \/>\nPyesim veten: A duam v\u00ebrtet ndryshim? Sepse n\u00ebse po, duhet t\u00eb fillojm\u00eb nga vetja. Nuk mund t\u00eb k\u00ebrkosh ndryshim vet\u00ebm nga ata q\u00eb do t\u00eb votosh, n\u00ebse vet\u00eb nuk je gati t\u00eb ndryshosh m\u00ebnyr\u00ebn si mendon, si analizon dhe si voton, si zgjedh dhe k\u00eb zgjedh. N\u00eb fund t\u00eb procesit thua: &#8211; &#8220;Ua, prap\u00eb ky u zgjodh&#8230;.&#8221; Jo k\u00ebshtu as edhe nj\u00eb gj\u00eb nuk ndryshon, aq m\u00eb pak t\u00eb realizosh at\u00eb q\u00eb k\u00ebrkon. Arrin dhe siguron at\u00eb , duke vepruar k\u00ebshtu, at\u00eb q\u00eb meritojn\u00eb.<\/p>\n<p>Vet\u00ebm kur t\u00eb ndryshojm\u00eb ne q\u00eb votojm\u00eb, do kemi shpres\u00eb t\u00eb ndryshoj\u00eb ajo q\u00eb prodhon vota jon\u00eb. Sepse politika \u00ebsht\u00eb reflektimi m\u00eb i sakt\u00eb i shoq\u00ebris\u00eb. Ndryshimi i v\u00ebrtet\u00eb, i q\u00ebndruesh\u00ebm dhe me ndikim p\u00ebr vendin, nuk fillon n\u00eb zyrat e partive, por n\u00eb nd\u00ebrgjegjen e votuesve. Do ndryshimin, por nuk shkon n\u00eb votim, nga kush e pret?! Do opozit\u00eb t\u00eb fort\u00eb, po nuk e voton?! Do qeveri dhe maxhoranc\u00eb jo autokratike, ti nuk voton, vot\u00ebn deformon. Pra tjet\u00ebr gj\u00eb k\u00ebrkon dhe nga kush tjet\u00ebr e k\u00ebrkon ta arrish . E deri sa t\u00eb veprojm\u00eb k\u00ebshtu me gj\u00ebn\u00eb m\u00eb t\u00eb shenjt\u00eb q\u00eb ka n\u00eb dor\u00eb fatin e vendit, k\u00ebshtu do ndodh\u00eb.<br \/>\nDeri at\u00ebher\u00eb, do t\u00eb na g\u00ebnjejn\u00eb dhe do g\u00ebnjejm\u00eb vetveten sa her\u00eb votojm\u00eb. Dhe vendi, si gjithmon\u00eb, do jet\u00eb ai q\u00eb paguan \u00e7mimin m\u00eb t\u00eb lart\u00eb.<br \/>\n<em><strong>Tiran\u00eb m\u00eb 25.07.2025.<\/strong><\/em><\/p>\n","protected":false},"excerpt":{"rendered":"<p>Nga Fejzo Subashi Kush m\u00eb shum\u00eb e kush m\u00eb pak, i gjith\u00eb spektri politik, nga e majta n\u00eb t\u00eb djatht\u00eb,qofshin k\u00ebto partit\u00eb e m\u00ebdha, apo ato t\u00eb voglat , m\u00eb g\u00ebnjyen dhe na g\u00ebnjyen n\u00eb zgjedhjet e 11 majit. T\u00eb gjith\u00eb! Pa p\u00ebrjashtim. Pak r\u00ebnd\u00ebsi ka se k\u00eb votova dhe p\u00ebr k\u00eb votuat ju. Ajo [&hellip;]<\/p>\n","protected":false},"author":5,"featured_media":87273,"comment_status":"closed","ping_status":"closed","sticky":false,"template":"","format":"standard","meta":{"footnotes":""},"categories":[34865,6332],"tags":[37283,36132],"class_list":{"0":"post-89633","1":"post","2":"type-post","3":"status-publish","4":"format-standard","5":"has-post-thumbnail","7":"category-analiza","8":"category-te-fundit","9":"tag-analiza","10":"tag-fejzo-subashi"},"_links":{"self":[{"href":"https:\/\/jugulajm.net\/index.php?rest_route=\/wp\/v2\/posts\/89633","targetHints":{"allow":["GET"]}}],"collection":[{"href":"https:\/\/jugulajm.net\/index.php?rest_route=\/wp\/v2\/posts"}],"about":[{"href":"https:\/\/jugulajm.net\/index.php?rest_route=\/wp\/v2\/types\/post"}],"author":[{"embeddable":true,"href":"https:\/\/jugulajm.net\/index.php?rest_route=\/wp\/v2\/users\/5"}],"replies":[{"embeddable":true,"href":"https:\/\/jugulajm.net\/index.php?rest_route=%2Fwp%2Fv2%2Fcomments&post=89633"}],"version-history":[{"count":1,"href":"https:\/\/jugulajm.net\/index.php?rest_route=\/wp\/v2\/posts\/89633\/revisions"}],"predecessor-version":[{"id":89635,"href":"https:\/\/jugulajm.net\/index.php?rest_route=\/wp\/v2\/posts\/89633\/revisions\/89635"}],"wp:featuredmedia":[{"embeddable":true,"href":"https:\/\/jugulajm.net\/index.php?rest_route=\/wp\/v2\/media\/87273"}],"wp:attachment":[{"href":"https:\/\/jugulajm.net\/index.php?rest_route=%2Fwp%2Fv2%2Fmedia&parent=89633"}],"wp:term":[{"taxonomy":"category","embeddable":true,"href":"https:\/\/jugulajm.net\/index.php?rest_route=%2Fwp%2Fv2%2Fcategories&post=89633"},{"taxonomy":"post_tag","embeddable":true,"href":"https:\/\/jugulajm.net\/index.php?rest_route=%2Fwp%2Fv2%2Ftags&post=89633"}],"curies":[{"name":"wp","href":"https:\/\/api.w.org\/{rel}","templated":true}]}}