{"id":89611,"date":"2025-07-24T14:37:41","date_gmt":"2025-07-24T12:37:41","guid":{"rendered":"https:\/\/jugulajm.net\/?p=89611"},"modified":"2025-07-24T14:37:41","modified_gmt":"2025-07-24T12:37:41","slug":"lajm-i-funditvideo-zjarr-ne-prongji-zjarrfikesit-ne-terren","status":"publish","type":"post","link":"https:\/\/jugulajm.net\/?p=89611","title":{"rendered":"LAJM I FUNDIT!!(VIDEO) Zjarr n\u00eb Prongji, zjarrfik\u00ebsit n\u00eb terren"},"content":{"rendered":"<p>Zjarr ne fshatin Prongji, Bashkia Gjirokaster. Mesohet se flaket kane rene<br \/>\nmidis dy fshatrave Prongji e Kardhiq dhe si pasoje e eres flaket po agresohen mjaft.<\/p>\n<p>Ne vendngjarje kane shkuar zjarrfikeset me ne krye komndant, Gramoz Llapin, ku po punojne intensivisht per shuarjen e zjarrit.<\/p>\n<p>Synimi eshte eleminimi total nga zona e banuar.<\/p>\n<p>Aktualisht po punohet me intensitet p\u00ebr izolimin dhe shuarjen e zjarrit.<\/p>\n<div style=\"width: 1080px;\" class=\"wp-video\"><!--[if lt IE 9]><script>document.createElement('video');<\/script><![endif]-->\n<video class=\"wp-video-shortcode\" id=\"video-89611-1\" width=\"1080\" height=\"1920\" preload=\"metadata\" controls=\"controls\"><source type=\"video\/mp4\" src=\"https:\/\/jugulajm.net\/wp-content\/uploads\/2025\/07\/Filmi-im-2.mp4?_=1\" \/><a href=\"https:\/\/jugulajm.net\/wp-content\/uploads\/2025\/07\/Filmi-im-2.mp4\">https:\/\/jugulajm.net\/wp-content\/uploads\/2025\/07\/Filmi-im-2.mp4<\/a><\/video><\/div>\n","protected":false},"excerpt":{"rendered":"<p>Zjarr ne fshatin Prongji, Bashkia Gjirokaster. Mesohet se flaket kane rene midis dy fshatrave Prongji e Kardhiq dhe si pasoje e eres flaket po agresohen mjaft. Ne vendngjarje kane shkuar zjarrfikeset me ne krye komndant, Gramoz Llapin, ku po punojne intensivisht per shuarjen e zjarrit. Synimi eshte eleminimi total nga zona e banuar. Aktualisht po [&hellip;]<\/p>\n","protected":false},"author":5,"featured_media":49673,"comment_status":"closed","ping_status":"closed","sticky":false,"template":"","format":"standard","meta":{"footnotes":""},"categories":[1,6332,29228],"tags":[37271,25157],"class_list":{"0":"post-89611","1":"post","2":"type-post","3":"status-publish","4":"format-standard","5":"has-post-thumbnail","7":"category-aktualitet","8":"category-te-fundit","9":"category-vendi","10":"tag-lajm-i-funditvideo-zjarr-ne-prongji","11":"tag-zjarrfikesit-ne-terren"},"_links":{"self":[{"href":"https:\/\/jugulajm.net\/index.php?rest_route=\/wp\/v2\/posts\/89611","targetHints":{"allow":["GET"]}}],"collection":[{"href":"https:\/\/jugulajm.net\/index.php?rest_route=\/wp\/v2\/posts"}],"about":[{"href":"https:\/\/jugulajm.net\/index.php?rest_route=\/wp\/v2\/types\/post"}],"author":[{"embeddable":true,"href":"https:\/\/jugulajm.net\/index.php?rest_route=\/wp\/v2\/users\/5"}],"replies":[{"embeddable":true,"href":"https:\/\/jugulajm.net\/index.php?rest_route=%2Fwp%2Fv2%2Fcomments&post=89611"}],"version-history":[{"count":1,"href":"https:\/\/jugulajm.net\/index.php?rest_route=\/wp\/v2\/posts\/89611\/revisions"}],"predecessor-version":[{"id":89613,"href":"https:\/\/jugulajm.net\/index.php?rest_route=\/wp\/v2\/posts\/89611\/revisions\/89613"}],"wp:featuredmedia":[{"embeddable":true,"href":"https:\/\/jugulajm.net\/index.php?rest_route=\/wp\/v2\/media\/49673"}],"wp:attachment":[{"href":"https:\/\/jugulajm.net\/index.php?rest_route=%2Fwp%2Fv2%2Fmedia&parent=89611"}],"wp:term":[{"taxonomy":"category","embeddable":true,"href":"https:\/\/jugulajm.net\/index.php?rest_route=%2Fwp%2Fv2%2Fcategories&post=89611"},{"taxonomy":"post_tag","embeddable":true,"href":"https:\/\/jugulajm.net\/index.php?rest_route=%2Fwp%2Fv2%2Ftags&post=89611"}],"curies":[{"name":"wp","href":"https:\/\/api.w.org\/{rel}","templated":true}]}}