{"id":89600,"date":"2025-07-24T12:32:32","date_gmt":"2025-07-24T10:32:32","guid":{"rendered":"https:\/\/jugulajm.net\/?p=89600"},"modified":"2025-07-24T12:32:32","modified_gmt":"2025-07-24T10:32:32","slug":"emrat-4-zyrtare-te-bashkise-fier-nen-akuze-moren-400-milione-leke-te-parkimeve","status":"publish","type":"post","link":"https:\/\/jugulajm.net\/?p=89600","title":{"rendered":"EMRAT\/ 4 zyrtar\u00eb t\u00eb Bashkis\u00eb Fier n\u00ebn akuz\u00eb, mor\u00ebn 400 milion\u00eb lek\u00eb t\u00eb parkimeve"},"content":{"rendered":"<p>Policia e Fierit, n\u00eb bashk\u00ebpunim me Prokurorin\u00eb vendore, kan\u00eb nd\u00ebrmarr\u00eb nj\u00eb operacion mbr\u00ebmjen e djesh\u00ebm, ku kan\u00eb ekzekutuar masat e siguris\u00eb p\u00ebr 4 zyrtar\u00eb t\u00eb Bashkis\u00eb s\u00eb Fierit.<\/p>\n<p>Ndaj dy zyrtar\u00ebve jan\u00eb caktuar masat e siguris\u00eb \u201carrest n\u00eb sht\u00ebpi\u201d dhe \u201cpezullim nga detyra\u201d, nd\u00ebrsa ndaj dy t\u00eb tjer\u00ebve vet\u00ebm masa e \u201cpezullimit nga detyra.<\/p>\n<p>Sipas autoriteteve policore, kat\u00ebr zyrtar\u00ebt, duke mos vepruar sipas kuadrit ligjor p\u00ebr vendosjen e kas\u00ebs s\u00eb fiskalizimit p\u00ebr parkimin n\u00ebntok\u00ebsor q\u00eb administron Bashkia Fier, nuk kan\u00eb ark\u00ebtuar shum\u00ebn prej rreth 40 milion lek\u00eb t\u00eb reja n\u00eb arkat e Bashkis\u00eb Fier. Gjithashtu, ata n\u00ebp\u00ebrmjet shp\u00ebrdorimit t\u00eb detyr\u00ebs, kan\u00eb ulur taksat e subjekteve t\u00eb ndryshme treg\u00ebtare n\u00eb Fier, kundrejt\u00eb p\u00ebrfitimit.<\/p>\n<p>M\u00eb konkretisht, \u00ebsht\u00eb ekzekutuar masat e siguris\u00eb \u201cArrest n\u00eb sht\u00ebpi\u201d p\u00ebr shtetasen\u00a0<strong>Adela Hysenaj<\/strong>, 34 vje\u00e7e, banuese n\u00eb Fier, e akuzuar p\u00ebr veprat penale \u201cShperdorimi i detyr\u00ebs\u201d dhe \u201cUshtrim i ndikimit t\u00eb paligjsh\u00ebm ndaj personave q\u00eb ushtrojn\u00eb funksione publike. Ajo njihet si nj\u00eb nga bashk\u00ebpun\u00ebtoret e ngushta t\u00eb Armando Subashit, teksa ka mbajtur postin e Drejtoresh\u00ebs s\u00eb P\u00ebrgjithshme t\u00eb Taksave dhe Urbanistik\u00ebs s\u00eb Bashkis\u00eb Fier dhe prej vitit 2022 postin e n\u00ebnkryetares s\u00eb bashkis\u00eb, duke u shkarkuar pak koh\u00eb m\u00eb par\u00eb.<\/p>\n<p>Po ashtu, jan\u00eb ekzekutuar masat e siguris\u00eb \u201cArrest n\u00eb sht\u00ebpi\u201d dhe \u201cPezullim i ushtrimit t\u00eb nj\u00eb detyre a sh\u00ebrbimi publik\u201d p\u00ebr shtetasin\u00a0<strong>Vasil \u00c7eku<\/strong>, 41 vje\u00e7, banues n\u00eb Fier, i akuzuar p\u00ebr vepr\u00ebn penale \u201cShp\u00ebrdorimi i detyr\u00ebs\u201d. Ai mbante poston e drejtorit n\u00eb Drejtorin\u00eb e Verifikimit dhe Koordinimit n\u00eb Terren p\u00ebr Rajonin Jugor n\u00eb Drejtorin\u00eb Rajonale Tatimore Fier.<\/p>\n<div class=\"jeg_ad jeg_ad_article jnews_content_inline_2_ads \">\n<div class=\"ads-wrapper align-center \">\n<div class=\"ads_code\">Ndaj Sekretarit t\u00eb P\u00ebrgjithsh\u00ebm t\u00eb Bashkis\u00eb s\u00eb Fierit, shtetasit\u00a0<strong>Martin Dodi<\/strong>, 57 vje\u00e7, banues n\u00eb Fier, jan\u00eb ekzektuar masat \u201cPezullim i ushtrimit t\u00eb nj\u00eb detyre a sh\u00ebrbimi publik\u201d dhe \u201cNdalimi i daljes jasht\u00eb shtetit, teksa ai akuzohet p\u00ebr vepr\u00ebn penale \u201cUshtrimi i ndikimit t\u00eb paligjsh\u00ebm ndaj personave q\u00eb ushtrojn\u00eb funksione publike\u201d.<\/div>\n<\/div>\n<\/div>\n<p>Po ashtu \u00ebsht\u00eb ekzekutuar masa \u201cPezullim i ushtrimit t\u00eb nj\u00eb detyre a sh\u00ebrbimi publik\u201d, p\u00ebr shtetasen\u00a0<strong>Anisa\u00a0Cjapi<\/strong>, 38 vje\u00e7e, banuese n\u00eb Fier, e cila mbante postin e drejtoresh\u00ebs n\u00eb Drejtorin\u00eb e Taksave dhe Tarifave Vendore n\u00eb Bashkin\u00eb Fier, teksa ajo akuzohet p\u00ebr vepr\u00ebn penale \u201cShp\u00ebrdorimi i detyr\u00ebs\u201d;<\/p>\n<p>Autoritetet raportojn\u00eb se masat e siguris\u00eb ndaj tyre jan\u00eb ekzektuar n\u00eb kuad\u00ebr t\u00eb operacionit t\u00eb koduar \u201cParking\u201d, teksa jan\u00eb l\u00ebshuar pas nj\u00eb nj\u00eb hetimi disa mujor t\u00eb Prokuroris\u00eb s\u00eb Fierit.<\/p>\n<p>Burime p\u00ebr mediat b\u00ebjn\u00eb me dije se Prokuroria e Fierit ka marr\u00eb n\u00eb pyetje edhe kryetarin e Bashkis\u00eb s\u00eb Fierit, Armando Subashi, n\u00ebse a ka patur dijeni p\u00ebr abuzimet e bashk\u00ebpun\u00ebtor\u00ebve t\u00eb tij, por deri m\u00eb tani nuk ka mas\u00eb sigurie p\u00ebr t\u00eb.<\/p>\n<p>Materialet proceduriale i kan\u00eb kaluar Prokuroris\u00eb s\u00eb Fierit p\u00ebr veprime t\u00eb m\u00ebtejshme.<\/p>\n","protected":false},"excerpt":{"rendered":"<p>Policia e Fierit, n\u00eb bashk\u00ebpunim me Prokurorin\u00eb vendore, kan\u00eb nd\u00ebrmarr\u00eb nj\u00eb operacion mbr\u00ebmjen e djesh\u00ebm, ku kan\u00eb ekzekutuar masat e siguris\u00eb p\u00ebr 4 zyrtar\u00eb t\u00eb Bashkis\u00eb s\u00eb Fierit. Ndaj dy zyrtar\u00ebve jan\u00eb caktuar masat e siguris\u00eb \u201carrest n\u00eb sht\u00ebpi\u201d dhe \u201cpezullim nga detyra\u201d, nd\u00ebrsa ndaj dy t\u00eb tjer\u00ebve vet\u00ebm masa e \u201cpezullimit nga detyra. Sipas [&hellip;]<\/p>\n","protected":false},"author":5,"featured_media":89601,"comment_status":"closed","ping_status":"closed","sticky":false,"template":"","format":"standard","meta":{"footnotes":""},"categories":[1,6332,29228],"tags":[37265,37266],"class_list":{"0":"post-89600","1":"post","2":"type-post","3":"status-publish","4":"format-standard","5":"has-post-thumbnail","7":"category-aktualitet","8":"category-te-fundit","9":"category-vendi","10":"tag-emrat-4-zyrtare-te-bashkise-fier-nen-akuze","11":"tag-moren-400-milione-leke-te-parkimeve"},"_links":{"self":[{"href":"https:\/\/jugulajm.net\/index.php?rest_route=\/wp\/v2\/posts\/89600","targetHints":{"allow":["GET"]}}],"collection":[{"href":"https:\/\/jugulajm.net\/index.php?rest_route=\/wp\/v2\/posts"}],"about":[{"href":"https:\/\/jugulajm.net\/index.php?rest_route=\/wp\/v2\/types\/post"}],"author":[{"embeddable":true,"href":"https:\/\/jugulajm.net\/index.php?rest_route=\/wp\/v2\/users\/5"}],"replies":[{"embeddable":true,"href":"https:\/\/jugulajm.net\/index.php?rest_route=%2Fwp%2Fv2%2Fcomments&post=89600"}],"version-history":[{"count":1,"href":"https:\/\/jugulajm.net\/index.php?rest_route=\/wp\/v2\/posts\/89600\/revisions"}],"predecessor-version":[{"id":89602,"href":"https:\/\/jugulajm.net\/index.php?rest_route=\/wp\/v2\/posts\/89600\/revisions\/89602"}],"wp:featuredmedia":[{"embeddable":true,"href":"https:\/\/jugulajm.net\/index.php?rest_route=\/wp\/v2\/media\/89601"}],"wp:attachment":[{"href":"https:\/\/jugulajm.net\/index.php?rest_route=%2Fwp%2Fv2%2Fmedia&parent=89600"}],"wp:term":[{"taxonomy":"category","embeddable":true,"href":"https:\/\/jugulajm.net\/index.php?rest_route=%2Fwp%2Fv2%2Fcategories&post=89600"},{"taxonomy":"post_tag","embeddable":true,"href":"https:\/\/jugulajm.net\/index.php?rest_route=%2Fwp%2Fv2%2Ftags&post=89600"}],"curies":[{"name":"wp","href":"https:\/\/api.w.org\/{rel}","templated":true}]}}