{"id":89540,"date":"2025-07-22T13:11:07","date_gmt":"2025-07-22T11:11:07","guid":{"rendered":"https:\/\/jugulajm.net\/?p=89540"},"modified":"2025-07-22T13:11:07","modified_gmt":"2025-07-22T11:11:07","slug":"me-ke-do-qeverise-rama-gazetari-paralajmeron-do-te-kete-shkundje-te","status":"publish","type":"post","link":"https:\/\/jugulajm.net\/?p=89540","title":{"rendered":"Me k\u00eb do qeveris\u00eb Rama? Gazetari paralajm\u00ebron: Do t\u00eb ket\u00eb \u201cshkundje\u201d t\u00eb\u2026"},"content":{"rendered":"<p>I ftuar n\u00eb emisionin \u2018Log\u2019 n\u00eb News24, Lenc Vangjeli flet p\u00ebr shkarkimet q\u00eb jan\u00eb b\u00ebr\u00eb deri m\u00eb sot dhe \u00e7far\u00eb e pret qeverin\u00eb gjat\u00eb muajve pasardh\u00ebs, n\u00eb shtator e n\u00eb vijim kur t\u00eb formohet qeveria e re \u201cRama 4\u201d.<\/p>\n<p>Analisti shprehet se Rama do t\u00eb b\u00ebj\u00eb shkarkime masive, nd\u00ebrsa paralajm\u00ebron at\u00eb q\u00eb ai e quan \u201cshkundje\u201d t\u00eb jasht\u00ebzakonshme.<\/p>\n<p>\u201cDo t\u00eb ket\u00eb shkarkime t\u00eb jasht\u00ebzakonshme te socialist\u00ebt, qeveria do t\u00eb jet\u00eb me t\u00eb panjohur. Askush nuk e di se \u00e7far\u00eb letrash ka n\u00eb dor\u00eb Edi Rama.\u201d, &#8211; tha ai.<\/p>\n<p><strong>Lorenc Vangjeli:<\/strong>\u00a0Do t\u00eb shkarkohen nj\u00eb pjes\u00eb e madhe e drejtor\u00ebve, do t\u00eb ket\u00eb nj\u00eb shkundje t\u00eb jasht\u00ebzakonshme. N\u00eb telefonin e nj\u00eb drejtori t\u00eb administrat\u00ebs qendrore kan\u00eb dal\u00eb gj\u00ebra q\u00eb mund t\u00eb japin dhimbje koke shum\u00ebkujt. Lidhjet okulte mes pushtetit dhe opozit\u00ebs, v\u00ebrtetohet sepse kjo e fundit nuk ka ardhur n\u00eb pushtet. Lidhjet okulte tregojn\u00eb sekretet publike sepse opozita nuk \u00ebsht\u00eb sot n\u00eb pushtet. Nuk ka kuptim q\u00eb nj\u00eb minist\u00ebr t\u00eb q\u00ebndroj\u00eb m\u00eb shum\u00eb se 6 vite n\u00eb pushtet. Qeveria do t\u00eb jet\u00eb me t\u00eb panjohur, mjafton q\u00eb t\u00eb din\u00eb t\u00eb flasin anglisht. M\u00eb t\u00eb topitur dhe t\u00eb tronditur jan\u00eb edhe vet\u00eb socialist\u00ebt, askush nuk e di se \u00e7far\u00eb letrash ka n\u00eb dor\u00eb Edi Rama.<\/p>\n<p>Tensioni te socialist\u00ebt \u00ebsht\u00eb i jasht\u00ebzakonsh\u00ebm. Kudo SPAK t\u00eb hedh\u00eb zaret, hetimi do t\u00eb p\u00ebrfundoj\u00eb absolutisht te m\u00ebkatar\u00ebt.<\/p>\n","protected":false},"excerpt":{"rendered":"<p>I ftuar n\u00eb emisionin \u2018Log\u2019 n\u00eb News24, Lenc Vangjeli flet p\u00ebr shkarkimet q\u00eb jan\u00eb b\u00ebr\u00eb deri m\u00eb sot dhe \u00e7far\u00eb e pret qeverin\u00eb gjat\u00eb muajve pasardh\u00ebs, n\u00eb shtator e n\u00eb vijim kur t\u00eb formohet qeveria e re \u201cRama 4\u201d. Analisti shprehet se Rama do t\u00eb b\u00ebj\u00eb shkarkime masive, nd\u00ebrsa paralajm\u00ebron at\u00eb q\u00eb ai e quan [&hellip;]<\/p>\n","protected":false},"author":5,"featured_media":46577,"comment_status":"closed","ping_status":"closed","sticky":false,"template":"","format":"standard","meta":{"footnotes":""},"categories":[6332,29228],"tags":[37232],"class_list":{"0":"post-89540","1":"post","2":"type-post","3":"status-publish","4":"format-standard","5":"has-post-thumbnail","7":"category-te-fundit","8":"category-vendi","9":"tag-me-ke-do-qeverise-rama-gazetari-paralajmeron-do-te-kete-shkundje-te"},"_links":{"self":[{"href":"https:\/\/jugulajm.net\/index.php?rest_route=\/wp\/v2\/posts\/89540","targetHints":{"allow":["GET"]}}],"collection":[{"href":"https:\/\/jugulajm.net\/index.php?rest_route=\/wp\/v2\/posts"}],"about":[{"href":"https:\/\/jugulajm.net\/index.php?rest_route=\/wp\/v2\/types\/post"}],"author":[{"embeddable":true,"href":"https:\/\/jugulajm.net\/index.php?rest_route=\/wp\/v2\/users\/5"}],"replies":[{"embeddable":true,"href":"https:\/\/jugulajm.net\/index.php?rest_route=%2Fwp%2Fv2%2Fcomments&post=89540"}],"version-history":[{"count":1,"href":"https:\/\/jugulajm.net\/index.php?rest_route=\/wp\/v2\/posts\/89540\/revisions"}],"predecessor-version":[{"id":89541,"href":"https:\/\/jugulajm.net\/index.php?rest_route=\/wp\/v2\/posts\/89540\/revisions\/89541"}],"wp:featuredmedia":[{"embeddable":true,"href":"https:\/\/jugulajm.net\/index.php?rest_route=\/wp\/v2\/media\/46577"}],"wp:attachment":[{"href":"https:\/\/jugulajm.net\/index.php?rest_route=%2Fwp%2Fv2%2Fmedia&parent=89540"}],"wp:term":[{"taxonomy":"category","embeddable":true,"href":"https:\/\/jugulajm.net\/index.php?rest_route=%2Fwp%2Fv2%2Fcategories&post=89540"},{"taxonomy":"post_tag","embeddable":true,"href":"https:\/\/jugulajm.net\/index.php?rest_route=%2Fwp%2Fv2%2Ftags&post=89540"}],"curies":[{"name":"wp","href":"https:\/\/api.w.org\/{rel}","templated":true}]}}