{"id":89521,"date":"2025-07-21T18:15:07","date_gmt":"2025-07-21T16:15:07","guid":{"rendered":"https:\/\/jugulajm.net\/?p=89521"},"modified":"2025-07-21T18:15:07","modified_gmt":"2025-07-21T16:15:07","slug":"emrat-lufta-me-zjarrin-3-zjarrfikes-dergohen-ne-spital","status":"publish","type":"post","link":"https:\/\/jugulajm.net\/?p=89521","title":{"rendered":"EMRAT\/ Lufta me zjarrin, 3 zjarrfik\u00ebs d\u00ebrgohen n\u00eb spital&#8230;"},"content":{"rendered":"<p>N\u00eb luft\u00ebn me zjarrin tre efektiv\u00eb t\u00eb zjarrfik\u00ebses jan\u00eb d\u00ebrguar p\u00ebr ndihm\u00eb mjek\u00ebsore n\u00eb spitalin e Vlor\u00ebs.<\/p>\n<p>T\u00eb tre zjarrfik\u00ebsit kan\u00eb pasur probleme me frym\u00ebmarrjen (asfiksi) p\u00ebr shkak t\u00eb tymit, nd\u00ebrsa ishin duke luftuar me flak\u00ebt n\u00eb malin e Dukatit.<\/p>\n<p>Zjarrfik\u00ebsit Luan Kapaj, Andrea Lala dhe D\u00ebfrim Bilali kan\u00eb marr\u00eb ndihm\u00eb mjek\u00ebsore n\u00eb spitalin e Vlor\u00ebs pas gjendjes jo t\u00eb mir\u00eb sh\u00ebndet\u00ebsore p\u00ebr shkak t\u00eb asfiksimit nga tymi, dhe tashm\u00eb jan\u00eb n\u00eb gjendje t\u00eb mir\u00eb sh\u00ebndet\u00ebsore dhe t\u00eb stabilizuar.<\/p>\n","protected":false},"excerpt":{"rendered":"<p>N\u00eb luft\u00ebn me zjarrin tre efektiv\u00eb t\u00eb zjarrfik\u00ebses jan\u00eb d\u00ebrguar p\u00ebr ndihm\u00eb mjek\u00ebsore n\u00eb spitalin e Vlor\u00ebs. T\u00eb tre zjarrfik\u00ebsit kan\u00eb pasur probleme me frym\u00ebmarrjen (asfiksi) p\u00ebr shkak t\u00eb tymit, nd\u00ebrsa ishin duke luftuar me flak\u00ebt n\u00eb malin e Dukatit. Zjarrfik\u00ebsit Luan Kapaj, Andrea Lala dhe D\u00ebfrim Bilali kan\u00eb marr\u00eb ndihm\u00eb mjek\u00ebsore n\u00eb spitalin e [&hellip;]<\/p>\n","protected":false},"author":5,"featured_media":89522,"comment_status":"closed","ping_status":"closed","sticky":false,"template":"","format":"standard","meta":{"footnotes":""},"categories":[1,6332,29228],"tags":[37226,37225],"class_list":{"0":"post-89521","1":"post","2":"type-post","3":"status-publish","4":"format-standard","5":"has-post-thumbnail","7":"category-aktualitet","8":"category-te-fundit","9":"category-vendi","10":"tag-3-zjarrfikes-dergohen-ne-spital","11":"tag-emrat-lufta-me-zjarrin"},"_links":{"self":[{"href":"https:\/\/jugulajm.net\/index.php?rest_route=\/wp\/v2\/posts\/89521","targetHints":{"allow":["GET"]}}],"collection":[{"href":"https:\/\/jugulajm.net\/index.php?rest_route=\/wp\/v2\/posts"}],"about":[{"href":"https:\/\/jugulajm.net\/index.php?rest_route=\/wp\/v2\/types\/post"}],"author":[{"embeddable":true,"href":"https:\/\/jugulajm.net\/index.php?rest_route=\/wp\/v2\/users\/5"}],"replies":[{"embeddable":true,"href":"https:\/\/jugulajm.net\/index.php?rest_route=%2Fwp%2Fv2%2Fcomments&post=89521"}],"version-history":[{"count":1,"href":"https:\/\/jugulajm.net\/index.php?rest_route=\/wp\/v2\/posts\/89521\/revisions"}],"predecessor-version":[{"id":89523,"href":"https:\/\/jugulajm.net\/index.php?rest_route=\/wp\/v2\/posts\/89521\/revisions\/89523"}],"wp:featuredmedia":[{"embeddable":true,"href":"https:\/\/jugulajm.net\/index.php?rest_route=\/wp\/v2\/media\/89522"}],"wp:attachment":[{"href":"https:\/\/jugulajm.net\/index.php?rest_route=%2Fwp%2Fv2%2Fmedia&parent=89521"}],"wp:term":[{"taxonomy":"category","embeddable":true,"href":"https:\/\/jugulajm.net\/index.php?rest_route=%2Fwp%2Fv2%2Fcategories&post=89521"},{"taxonomy":"post_tag","embeddable":true,"href":"https:\/\/jugulajm.net\/index.php?rest_route=%2Fwp%2Fv2%2Ftags&post=89521"}],"curies":[{"name":"wp","href":"https:\/\/api.w.org\/{rel}","templated":true}]}}