{"id":89512,"date":"2025-07-21T11:58:05","date_gmt":"2025-07-21T09:58:05","guid":{"rendered":"https:\/\/jugulajm.net\/?p=89512"},"modified":"2025-07-21T11:58:05","modified_gmt":"2025-07-21T09:58:05","slug":"parashikimi-i-motit-per-kete-jave-temperaturat-do-arrijne-deri-ne-41c-ja-ne-cilat-qytete","status":"publish","type":"post","link":"https:\/\/jugulajm.net\/?p=89512","title":{"rendered":"Parashikimi i motit p\u00ebr k\u00ebt\u00eb jav\u00eb, temperaturat do arrijn\u00eb deri n\u00eb 41\u00b0C, ja n\u00eb cilat qytete&#8230;"},"content":{"rendered":"<p>Shqip\u00ebria do t\u00eb p\u00ebrfshihet nga nj\u00eb val\u00eb t\u00eb nxehti me temperatura ekstreme gjat\u00eb k\u00ebsaj jave. Meteorologu Hakil Osmani tha p\u00ebr Euronews Albania, paralajm\u00ebroi se vendi do t\u00eb jet\u00eb n\u00ebn ndikimin e temperaturave shum\u00eb t\u00eb larta dhe kthjellimeve t\u00eb gjata.<\/p>\n<p>\u201cKushtet atmosferike gjat\u00eb k\u00ebsaj jave do t\u00eb vijojn\u00eb t\u00eb jen\u00eb t\u00eb q\u00ebndrueshme, me temperatura t\u00eb larta, sidomos n\u00eb or\u00ebt e mesdit\u00ebs. Sot pritet q\u00eb termometri t\u00eb sh\u00ebnoj\u00eb deri n\u00eb 39\u00b0C, nd\u00ebrsa t\u00eb enjten dhe t\u00eb premten do t\u00eb arrij\u00eb kulmin me vlera maksimale deri n\u00eb 41\u00b0C, ve\u00e7an\u00ebrisht n\u00eb qarqet e Elbasanit, Beratit dhe zonat m\u00eb t\u00eb izoluara t\u00eb k\u00ebtyre qarqeve,\u201d deklaroi Osmani.<\/p>\n<p>N\u00eb vij\u00ebn bregdetare, temperaturat do t\u00eb variojn\u00eb nga 36 deri n\u00eb 39\u00b0C, nd\u00ebrsa edhe zonat malore do t\u00eb p\u00ebrjetojn\u00eb rritje t\u00eb ndjeshme, me maksimumin q\u00eb pritet t\u00eb shkoj\u00eb deri n\u00eb 35\u00b0C.<\/p>\n<p>\u201cDo t\u00eb jet\u00eb nj\u00eb jav\u00eb e nxeht\u00eb, me rritje graduale t\u00eb temperaturave \u00e7do dit\u00eb. Paraditja do t\u00eb karakterizohet nga kthjellime, nd\u00ebrsa pasditja mund t\u00eb sjell\u00eb vran\u00ebsira t\u00eb lehta, kryesisht n\u00eb lindje t\u00eb vendit\u201d shtoi ai.<\/p>\n<p>P\u00ebr fundjav\u00ebn parashikohet nj\u00eb ndryshim i leht\u00eb i motit. Vran\u00ebsirat dhe lag\u00ebshtia n\u00eb aj\u00ebr do t\u00eb shtohen, duke rritur mund\u00ebsin\u00eb p\u00ebr reshje t\u00eb izoluara shiu t\u00eb diel\u00ebn, kryesisht n\u00eb zonat veriore dhe pjes\u00ebrisht n\u00eb ato lindore.<\/p>\n<p>\u201cE nj\u00ebjta situat\u00eb pritet edhe n\u00eb vendet e rajonit, ku temperaturat do t\u00eb mbeten t\u00eb larta dhe moti kryesisht i q\u00ebndruesh\u00ebm\u201d p\u00ebrfundoi Osmani.<\/p>\n","protected":false},"excerpt":{"rendered":"<p>Shqip\u00ebria do t\u00eb p\u00ebrfshihet nga nj\u00eb val\u00eb t\u00eb nxehti me temperatura ekstreme gjat\u00eb k\u00ebsaj jave. Meteorologu Hakil Osmani tha p\u00ebr Euronews Albania, paralajm\u00ebroi se vendi do t\u00eb jet\u00eb n\u00ebn ndikimin e temperaturave shum\u00eb t\u00eb larta dhe kthjellimeve t\u00eb gjata. \u201cKushtet atmosferike gjat\u00eb k\u00ebsaj jave do t\u00eb vijojn\u00eb t\u00eb jen\u00eb t\u00eb q\u00ebndrueshme, me temperatura t\u00eb larta, [&hellip;]<\/p>\n","protected":false},"author":5,"featured_media":46558,"comment_status":"closed","ping_status":"closed","sticky":false,"template":"","format":"standard","meta":{"footnotes":""},"categories":[7650,6332,29228],"tags":[35777,37222,37223],"class_list":{"0":"post-89512","1":"post","2":"type-post","3":"status-publish","4":"format-standard","5":"has-post-thumbnail","7":"category-moti","8":"category-te-fundit","9":"category-vendi","10":"tag-ja-ne-cilat-qytete","11":"tag-parashikimi-i-motit-per-kete-jave","12":"tag-temperaturat-do-arrijne-deri-ne-41c"},"_links":{"self":[{"href":"https:\/\/jugulajm.net\/index.php?rest_route=\/wp\/v2\/posts\/89512","targetHints":{"allow":["GET"]}}],"collection":[{"href":"https:\/\/jugulajm.net\/index.php?rest_route=\/wp\/v2\/posts"}],"about":[{"href":"https:\/\/jugulajm.net\/index.php?rest_route=\/wp\/v2\/types\/post"}],"author":[{"embeddable":true,"href":"https:\/\/jugulajm.net\/index.php?rest_route=\/wp\/v2\/users\/5"}],"replies":[{"embeddable":true,"href":"https:\/\/jugulajm.net\/index.php?rest_route=%2Fwp%2Fv2%2Fcomments&post=89512"}],"version-history":[{"count":1,"href":"https:\/\/jugulajm.net\/index.php?rest_route=\/wp\/v2\/posts\/89512\/revisions"}],"predecessor-version":[{"id":89513,"href":"https:\/\/jugulajm.net\/index.php?rest_route=\/wp\/v2\/posts\/89512\/revisions\/89513"}],"wp:featuredmedia":[{"embeddable":true,"href":"https:\/\/jugulajm.net\/index.php?rest_route=\/wp\/v2\/media\/46558"}],"wp:attachment":[{"href":"https:\/\/jugulajm.net\/index.php?rest_route=%2Fwp%2Fv2%2Fmedia&parent=89512"}],"wp:term":[{"taxonomy":"category","embeddable":true,"href":"https:\/\/jugulajm.net\/index.php?rest_route=%2Fwp%2Fv2%2Fcategories&post=89512"},{"taxonomy":"post_tag","embeddable":true,"href":"https:\/\/jugulajm.net\/index.php?rest_route=%2Fwp%2Fv2%2Ftags&post=89512"}],"curies":[{"name":"wp","href":"https:\/\/api.w.org\/{rel}","templated":true}]}}