{"id":89498,"date":"2025-07-20T13:44:40","date_gmt":"2025-07-20T11:44:40","guid":{"rendered":"https:\/\/jugulajm.net\/?p=89498"},"modified":"2025-07-20T13:44:40","modified_gmt":"2025-07-20T11:44:40","slug":"82-vjecari-gjirokastrit-gjendet-i-pajete-te-fusha-e-vjeter-ishte-larguar-nga-banesa-para-2-ditesh","status":"publish","type":"post","link":"https:\/\/jugulajm.net\/?p=89498","title":{"rendered":"82-vje\u00e7ari gjirokastrit gjendet i pajet\u00eb te &#8220;Fusha e Vjet\u00ebr&#8221;, ishte larguar nga banesa para 2 dit\u00ebsh"},"content":{"rendered":"<p>N\u00eb vijim informacionit t\u00eb dh\u00ebn\u00eb m\u00eb dat\u00ebn 18.07.2025, p\u00ebr kall\u00ebzimin e b\u00ebr\u00eb nga shtetasi I. M., p\u00ebr largimin nga banesa t\u00eb babait t\u00eb tij, iu informojm\u00eb se shtetasi M. M., 82 vje\u00e7, \u00ebsht\u00eb gjetur i pajet\u00eb n\u00eb lagjen &#8220;11 janari&#8221;, n\u00eb vendin e quajtur &#8220;Fusha e vjet\u00ebr&#8221;.<\/p>\n<p>Nga veprimet e para dhe k\u00ebqyrja paraprake e trupit nuk jan\u00eb konstatuar shenja dhune, dyshohet se ka humbur jet\u00ebn p\u00ebr shkaqe natyrale.<\/p>\n","protected":false},"excerpt":{"rendered":"<p>N\u00eb vijim informacionit t\u00eb dh\u00ebn\u00eb m\u00eb dat\u00ebn 18.07.2025, p\u00ebr kall\u00ebzimin e b\u00ebr\u00eb nga shtetasi I. M., p\u00ebr largimin nga banesa t\u00eb babait t\u00eb tij, iu informojm\u00eb se shtetasi M. M., 82 vje\u00e7, \u00ebsht\u00eb gjetur i pajet\u00eb n\u00eb lagjen &#8220;11 janari&#8221;, n\u00eb vendin e quajtur &#8220;Fusha e vjet\u00ebr&#8221;. Nga veprimet e para dhe k\u00ebqyrja paraprake e [&hellip;]<\/p>\n","protected":false},"author":5,"featured_media":51910,"comment_status":"closed","ping_status":"closed","sticky":false,"template":"","format":"standard","meta":{"footnotes":""},"categories":[1,6332,29228],"tags":[37213,37214],"class_list":{"0":"post-89498","1":"post","2":"type-post","3":"status-publish","4":"format-standard","5":"has-post-thumbnail","7":"category-aktualitet","8":"category-te-fundit","9":"category-vendi","10":"tag-82-vjecari-gjirokastrit-gjendet-i-pajete-te-fusha-e-vjeter","11":"tag-ishte-larguar-nga-banesa-para-2-ditesh"},"_links":{"self":[{"href":"https:\/\/jugulajm.net\/index.php?rest_route=\/wp\/v2\/posts\/89498","targetHints":{"allow":["GET"]}}],"collection":[{"href":"https:\/\/jugulajm.net\/index.php?rest_route=\/wp\/v2\/posts"}],"about":[{"href":"https:\/\/jugulajm.net\/index.php?rest_route=\/wp\/v2\/types\/post"}],"author":[{"embeddable":true,"href":"https:\/\/jugulajm.net\/index.php?rest_route=\/wp\/v2\/users\/5"}],"replies":[{"embeddable":true,"href":"https:\/\/jugulajm.net\/index.php?rest_route=%2Fwp%2Fv2%2Fcomments&post=89498"}],"version-history":[{"count":1,"href":"https:\/\/jugulajm.net\/index.php?rest_route=\/wp\/v2\/posts\/89498\/revisions"}],"predecessor-version":[{"id":89499,"href":"https:\/\/jugulajm.net\/index.php?rest_route=\/wp\/v2\/posts\/89498\/revisions\/89499"}],"wp:featuredmedia":[{"embeddable":true,"href":"https:\/\/jugulajm.net\/index.php?rest_route=\/wp\/v2\/media\/51910"}],"wp:attachment":[{"href":"https:\/\/jugulajm.net\/index.php?rest_route=%2Fwp%2Fv2%2Fmedia&parent=89498"}],"wp:term":[{"taxonomy":"category","embeddable":true,"href":"https:\/\/jugulajm.net\/index.php?rest_route=%2Fwp%2Fv2%2Fcategories&post=89498"},{"taxonomy":"post_tag","embeddable":true,"href":"https:\/\/jugulajm.net\/index.php?rest_route=%2Fwp%2Fv2%2Ftags&post=89498"}],"curies":[{"name":"wp","href":"https:\/\/api.w.org\/{rel}","templated":true}]}}