{"id":89496,"date":"2025-07-20T12:45:47","date_gmt":"2025-07-20T10:45:47","guid":{"rendered":"https:\/\/jugulajm.net\/?p=89496"},"modified":"2025-07-20T12:45:47","modified_gmt":"2025-07-20T10:45:47","slug":"nano-fiton-gjyqin-me-qeverine-shqiptare-perfiton-100-mije-euro","status":"publish","type":"post","link":"https:\/\/jugulajm.net\/?p=89496","title":{"rendered":"Nano fiton gjyqin me qeverin\u00eb shqiptare, p\u00ebrfiton 100 mij\u00eb euro"},"content":{"rendered":"<p>Ish-Drejtori i P\u00ebrgjithsh\u00ebm i Policis\u00eb s\u00eb Shtetit, Gledis Nano, ka fituar edhe \u201cbetej\u00ebn\u201d e dyt\u00eb me qeverin\u00eb.<\/p>\n<p>Euronews Albania m\u00ebson se Gjykata Administrative e Apelit ka l\u00ebn\u00eb n\u00eb fuqi vendimin e shkall\u00ebs s\u00eb par\u00eb, duke \u201c\u00e7ertifikuar\u201d me form\u00eb t\u00eb prer\u00eb si t\u00eb paligjsh\u00ebm shkarkimin e tij nga detyra.<\/p>\n<div class=\"td-a-ad id_inline_ad0 id_ad_content-horiz-center\">\n<div class=\"mobile-hide\" align=\"center\"><ins id=\"revive-0-1\" data-revive-zoneid=\"16\" data-revive-id=\"685dfbcac7ad0ed6c267ede5698e0ee5\" data-revive-seq=\"1\" data-revive-loaded=\"1\"><\/p>\n<div id=\"beacon_81af7fe450\" style=\"text-align: left;\">Me an\u00eb t\u00eb nj\u00eb p\u00ebrgjigje zyrtare, pas nj\u00eb k\u00ebrkese p\u00ebr informim, administrativja e Apelit b\u00ebn me dije p\u00ebr Euronews Albania se vendimi \u00ebsht\u00eb marr\u00eb nga gjyqtar\u00ebt Ardian Dvorani (relator), dhe Gentian Hamiti e Sokol Ibi (an\u00ebtar\u00eb).<\/div>\n<p><\/ins><\/div>\n<\/div>\n<p>Ky trup gjykues ka rr\u00ebzuar ankimin e K\u00ebshillit t\u00eb Ministrave dhe Ministris\u00eb s\u00eb Brendshme q\u00eb k\u00ebrkonin prishjen e vendimit q\u00eb i dha t\u00eb drejt\u00eb ish-Drejtorit t\u00eb P\u00ebrgjithsh\u00ebm t\u00eb Policis\u00eb s\u00eb Shtetit.<\/p>\n<p>N\u00eb baz\u00eb t\u00eb vendimit tashm\u00eb shteti duhet ti paguaj\u00eb Nanos 60 paga mujore p\u00ebr 5 vite, rreth 100 mij\u00eb euro, sa mandati i parashikuar n\u00eb ligj, i cili u nd\u00ebrpre nga shkarkimi i qeveris\u00eb n\u00eb 31 gusht 2022, me argumentin se nuk kishte realizuar objektivat.<\/p>\n<p>Shkarkimi erdhi me propozim t\u00eb ish-Ministrit t\u00eb Brendsh\u00ebm Bledi \u00c7u\u00e7i nd\u00ebrsa kryeministri Rama ka pohuar publikisht se i kishte k\u00ebrkuar dor\u00ebheqjen ish-kryepolicit Nano.<\/p>\n<p>Vendimi \u00ebsht\u00eb marr\u00eb m\u00eb 26 qershor dhe nuk dihet n\u00ebse qeveria do t\u00eb depozitoj\u00eb rekurs n\u00eb gjykat\u00ebn e lart\u00eb brenda afatit 30 ditor.<\/p>\n<p>N\u00eb borderon e shtetit tashm\u00eb do t\u00eb vijohet t\u00eb paguhen 2 paga p\u00ebr postin e Drejtorit t\u00eb P\u00ebrgjithsh\u00ebm t\u00eb Policis\u00eb s\u00eb Shtetit, nd\u00ebrsa Gledis Nano \u00ebsht\u00eb kualifikuar nga komisioni i SPAK p\u00ebr n\u00eb faz\u00ebn e dyt\u00eb t\u00eb gar\u00ebs p\u00ebr kreun e ri t\u00eb Byros\u00eb Komb\u00ebtare t\u00eb Hetimit.<\/p>\n","protected":false},"excerpt":{"rendered":"<p>Ish-Drejtori i P\u00ebrgjithsh\u00ebm i Policis\u00eb s\u00eb Shtetit, Gledis Nano, ka fituar edhe \u201cbetej\u00ebn\u201d e dyt\u00eb me qeverin\u00eb. Euronews Albania m\u00ebson se Gjykata Administrative e Apelit ka l\u00ebn\u00eb n\u00eb fuqi vendimin e shkall\u00ebs s\u00eb par\u00eb, duke \u201c\u00e7ertifikuar\u201d me form\u00eb t\u00eb prer\u00eb si t\u00eb paligjsh\u00ebm shkarkimin e tij nga detyra. Me an\u00eb t\u00eb nj\u00eb p\u00ebrgjigje zyrtare, pas [&hellip;]<\/p>\n","protected":false},"author":5,"featured_media":55063,"comment_status":"closed","ping_status":"closed","sticky":false,"template":"","format":"standard","meta":{"footnotes":""},"categories":[1,6332,29228],"tags":[37211,37212],"class_list":{"0":"post-89496","1":"post","2":"type-post","3":"status-publish","4":"format-standard","5":"has-post-thumbnail","7":"category-aktualitet","8":"category-te-fundit","9":"category-vendi","10":"tag-nano-fiton-gjyqin-me-qeverine-shqiptare","11":"tag-perfiton-100-mije-euro"},"_links":{"self":[{"href":"https:\/\/jugulajm.net\/index.php?rest_route=\/wp\/v2\/posts\/89496","targetHints":{"allow":["GET"]}}],"collection":[{"href":"https:\/\/jugulajm.net\/index.php?rest_route=\/wp\/v2\/posts"}],"about":[{"href":"https:\/\/jugulajm.net\/index.php?rest_route=\/wp\/v2\/types\/post"}],"author":[{"embeddable":true,"href":"https:\/\/jugulajm.net\/index.php?rest_route=\/wp\/v2\/users\/5"}],"replies":[{"embeddable":true,"href":"https:\/\/jugulajm.net\/index.php?rest_route=%2Fwp%2Fv2%2Fcomments&post=89496"}],"version-history":[{"count":1,"href":"https:\/\/jugulajm.net\/index.php?rest_route=\/wp\/v2\/posts\/89496\/revisions"}],"predecessor-version":[{"id":89497,"href":"https:\/\/jugulajm.net\/index.php?rest_route=\/wp\/v2\/posts\/89496\/revisions\/89497"}],"wp:featuredmedia":[{"embeddable":true,"href":"https:\/\/jugulajm.net\/index.php?rest_route=\/wp\/v2\/media\/55063"}],"wp:attachment":[{"href":"https:\/\/jugulajm.net\/index.php?rest_route=%2Fwp%2Fv2%2Fmedia&parent=89496"}],"wp:term":[{"taxonomy":"category","embeddable":true,"href":"https:\/\/jugulajm.net\/index.php?rest_route=%2Fwp%2Fv2%2Fcategories&post=89496"},{"taxonomy":"post_tag","embeddable":true,"href":"https:\/\/jugulajm.net\/index.php?rest_route=%2Fwp%2Fv2%2Ftags&post=89496"}],"curies":[{"name":"wp","href":"https:\/\/api.w.org\/{rel}","templated":true}]}}