{"id":89441,"date":"2025-07-18T13:21:39","date_gmt":"2025-07-18T11:21:39","guid":{"rendered":"https:\/\/jugulajm.net\/?p=89441"},"modified":"2025-07-18T13:21:39","modified_gmt":"2025-07-18T11:21:39","slug":"aksident-benz-i-perplaset-me-audi-n-plagosen-2-shoferet-dhe-1-pasagjer","status":"publish","type":"post","link":"https:\/\/jugulajm.net\/?p=89441","title":{"rendered":"Aksident, &#8220;Benz-i&#8221; p\u00ebrplaset me &#8220;Audi-n&#8221;, plagosen 2 shofer\u00ebt dhe 1 pasagjer"},"content":{"rendered":"<p><span lang=\"SQ\">Tre t\u00eb rinj kan\u00eb mbetur t\u00eb l\u00ebnduar si pasoj\u00eb e nj\u00eb aksidenti t\u00eb ndodhur paraditen e sotme n\u00eb aksin rrugor n\u00eb \u201cTapiz\u00eb-Fush\u00eb Kruj\u00eb\u201d.<\/span><\/p>\n<p><span lang=\"SQ\">Policia b\u00ebri me dije se automjeti me drejtues shtetasin E. H., rreth 28 vje\u00e7, \u00ebsht\u00eb p\u00ebrplasur me automjetin me drejtues shtetasin K. D., rreth 19 vje\u00e7.<\/span><\/p>\n<p><span lang=\"SQ\">N\u00eb aksident jan\u00eb p\u00ebrfshir\u00eb dy automjete, nj\u00eb mjet tip &#8220;Mercedes&#8221; dhe nj\u00eb &#8220;Audi&#8221;.\u00a0<\/span><\/p>\n<p><span lang=\"SQ\">Si pasoj\u00eb e p\u00ebrplasjes, jan\u00eb d\u00ebmtuar dy drejtuesit e automjeteve dhe pasagjeri n\u00eb automjetin me drejtues 28-vje\u00e7arin, shtetasi S. H., rreth 30 vje\u00e7.\u00a0<\/span><\/p>\n<p><span lang=\"SQ\">T\u00eb l\u00ebnduarit jan\u00eb d\u00ebrguar me urgjenc\u00eb n\u00eb spitalin e Traum\u00ebs, ku ndodhen n\u00ebn kujdesin e mjek\u00ebve.<\/span><\/p>\n<p><span lang=\"SQ\">Grupi hetimor ka nisur pun\u00ebn p\u00ebr sqarimin e rrethanave t\u00eb aksidentit dhe p\u00ebr identifikimin e shkaqeve q\u00eb mund t\u00eb ken\u00eb \u00e7uar n\u00eb k\u00ebt\u00eb p\u00ebrplasje.<\/span><\/p>\n","protected":false},"excerpt":{"rendered":"<p>Tre t\u00eb rinj kan\u00eb mbetur t\u00eb l\u00ebnduar si pasoj\u00eb e nj\u00eb aksidenti t\u00eb ndodhur paraditen e sotme n\u00eb aksin rrugor n\u00eb \u201cTapiz\u00eb-Fush\u00eb Kruj\u00eb\u201d. Policia b\u00ebri me dije se automjeti me drejtues shtetasin E. H., rreth 28 vje\u00e7, \u00ebsht\u00eb p\u00ebrplasur me automjetin me drejtues shtetasin K. D., rreth 19 vje\u00e7. N\u00eb aksident jan\u00eb p\u00ebrfshir\u00eb dy automjete, [&hellip;]<\/p>\n","protected":false},"author":5,"featured_media":73125,"comment_status":"closed","ping_status":"closed","sticky":false,"template":"","format":"standard","meta":{"footnotes":""},"categories":[1,6332,29228],"tags":[37183,6868,34057],"class_list":{"0":"post-89441","1":"post","2":"type-post","3":"status-publish","4":"format-standard","5":"has-post-thumbnail","7":"category-aktualitet","8":"category-te-fundit","9":"category-vendi","10":"tag-benz-i-perplaset-me-audi-n","11":"tag-aksident","12":"tag-plagosen-2-shoferet-dhe-1-pasagjer"},"_links":{"self":[{"href":"https:\/\/jugulajm.net\/index.php?rest_route=\/wp\/v2\/posts\/89441","targetHints":{"allow":["GET"]}}],"collection":[{"href":"https:\/\/jugulajm.net\/index.php?rest_route=\/wp\/v2\/posts"}],"about":[{"href":"https:\/\/jugulajm.net\/index.php?rest_route=\/wp\/v2\/types\/post"}],"author":[{"embeddable":true,"href":"https:\/\/jugulajm.net\/index.php?rest_route=\/wp\/v2\/users\/5"}],"replies":[{"embeddable":true,"href":"https:\/\/jugulajm.net\/index.php?rest_route=%2Fwp%2Fv2%2Fcomments&post=89441"}],"version-history":[{"count":1,"href":"https:\/\/jugulajm.net\/index.php?rest_route=\/wp\/v2\/posts\/89441\/revisions"}],"predecessor-version":[{"id":89442,"href":"https:\/\/jugulajm.net\/index.php?rest_route=\/wp\/v2\/posts\/89441\/revisions\/89442"}],"wp:featuredmedia":[{"embeddable":true,"href":"https:\/\/jugulajm.net\/index.php?rest_route=\/wp\/v2\/media\/73125"}],"wp:attachment":[{"href":"https:\/\/jugulajm.net\/index.php?rest_route=%2Fwp%2Fv2%2Fmedia&parent=89441"}],"wp:term":[{"taxonomy":"category","embeddable":true,"href":"https:\/\/jugulajm.net\/index.php?rest_route=%2Fwp%2Fv2%2Fcategories&post=89441"},{"taxonomy":"post_tag","embeddable":true,"href":"https:\/\/jugulajm.net\/index.php?rest_route=%2Fwp%2Fv2%2Ftags&post=89441"}],"curies":[{"name":"wp","href":"https:\/\/api.w.org\/{rel}","templated":true}]}}