{"id":89374,"date":"2025-07-16T14:13:45","date_gmt":"2025-07-16T12:13:45","guid":{"rendered":"https:\/\/jugulajm.net\/?p=89374"},"modified":"2025-07-16T14:14:18","modified_gmt":"2025-07-16T12:14:18","slug":"video-kryeministri-rama-mberrin-me-helikopter-ne-vlore-ja-arayeja","status":"publish","type":"post","link":"https:\/\/jugulajm.net\/?p=89374","title":{"rendered":"VIDEO\/ Kryeministri Rama mb\u00ebrrin me helikopter n\u00eb Vlor\u00eb, ja arsyeja&#8230;"},"content":{"rendered":"<div class=\"xdj266r x14z9mp xat24cr x1lziwak x1vvkbs x126k92a\">\n<div dir=\"auto\">Kryeministri, Edi Rama, ka mb\u00ebrritur me helikopter n\u00eb Vlor\u00eb direkt pas vizit\u00ebs zyrtare n\u00eb Gjermani.<\/div>\n<div dir=\"auto\"><\/div>\n<\/div>\n<div class=\"x14z9mp xat24cr x1lziwak x1vvkbs xtlvy1s x126k92a\">\n<div dir=\"auto\">Helikopteri u ul tek vilat qeveritare n\u00eb zon\u00ebn e &#8220;Ujit t\u00eb Ftoht\u00eb&#8221; dhe m\u00eb pas kryeministri me eskort\u00ebn e tij i jan\u00eb drejtuar Vilave Qeveritare.<\/div>\n<div dir=\"auto\"><\/div>\n<\/div>\n<div class=\"x14z9mp xat24cr x1lziwak x1vvkbs xtlvy1s x126k92a\">\n<div dir=\"auto\">M\u00ebsohet se kryeministri Rama do t\u00eb ket\u00eb disa takime pune tek vilat qeveritare, takime k\u00ebto t\u00eb cilat do t\u00eb zhvillohen me dyer t\u00eb mbyllura.<\/div>\n<div dir=\"auto\"><\/div>\n<\/div>\n<div class=\"x14z9mp xat24cr x1lziwak x1vvkbs xtlvy1s x126k92a\">\n<div dir=\"auto\">Gjithaahtu m\u00ebsohet se shefi i qeveris\u00eb do t\u00eb q\u00ebndroj\u00eb deri pasdite n\u00eb Vlor\u00eb dhe m\u00eb pas do t\u00eb largohet.<\/div>\n<div dir=\"auto\">\n<p>Nd\u00ebrkoh\u00eb sipas t\u00eb nj\u00ebjtave informacione t\u00eb premten pritet t\u00eb jet\u00eb s\u00ebrish n\u00eb bashkin\u00eb e Vlor\u00ebs sipas agjend\u00ebs momentale.<\/p>\n<div style=\"width: 720px;\" class=\"wp-video\"><!--[if lt IE 9]><script>document.createElement('video');<\/script><![endif]-->\n<video class=\"wp-video-shortcode\" id=\"video-89374-1\" width=\"720\" height=\"1280\" preload=\"metadata\" controls=\"controls\"><source type=\"video\/mp4\" src=\"https:\/\/jugulajm.net\/wp-content\/uploads\/2025\/07\/AQN1c6L-xXsA_67PH_1Ouio-VtbUbzNptc-xQWJMz4A-8wAj06A5WCoR5FrkR3xSH5TyEWCf5bNpVHkohFCuR2hGwmNbVR9Dcaj-Lz4uBoPRUA.mp4?_=1\" \/><a href=\"https:\/\/jugulajm.net\/wp-content\/uploads\/2025\/07\/AQN1c6L-xXsA_67PH_1Ouio-VtbUbzNptc-xQWJMz4A-8wAj06A5WCoR5FrkR3xSH5TyEWCf5bNpVHkohFCuR2hGwmNbVR9Dcaj-Lz4uBoPRUA.mp4\">https:\/\/jugulajm.net\/wp-content\/uploads\/2025\/07\/AQN1c6L-xXsA_67PH_1Ouio-VtbUbzNptc-xQWJMz4A-8wAj06A5WCoR5FrkR3xSH5TyEWCf5bNpVHkohFCuR2hGwmNbVR9Dcaj-Lz4uBoPRUA.mp4<\/a><\/video><\/div>\n<\/div>\n<\/div>\n","protected":false},"excerpt":{"rendered":"<p>Kryeministri, Edi Rama, ka mb\u00ebrritur me helikopter n\u00eb Vlor\u00eb direkt pas vizit\u00ebs zyrtare n\u00eb Gjermani. Helikopteri u ul tek vilat qeveritare n\u00eb zon\u00ebn e &#8220;Ujit t\u00eb Ftoht\u00eb&#8221; dhe m\u00eb pas kryeministri me eskort\u00ebn e tij i jan\u00eb drejtuar Vilave Qeveritare. M\u00ebsohet se kryeministri Rama do t\u00eb ket\u00eb disa takime pune tek vilat qeveritare, takime k\u00ebto [&hellip;]<\/p>\n","protected":false},"author":5,"featured_media":89376,"comment_status":"closed","ping_status":"closed","sticky":false,"template":"","format":"standard","meta":{"footnotes":""},"categories":[6326,6332,29228],"tags":[30907,37149],"class_list":{"0":"post-89374","1":"post","2":"type-post","3":"status-publish","4":"format-standard","5":"has-post-thumbnail","7":"category-politike","8":"category-te-fundit","9":"category-vendi","10":"tag-ja-arayeja","11":"tag-video-kryeministri-rama-mberrin-me-helikopter-ne-vlore"},"_links":{"self":[{"href":"https:\/\/jugulajm.net\/index.php?rest_route=\/wp\/v2\/posts\/89374","targetHints":{"allow":["GET"]}}],"collection":[{"href":"https:\/\/jugulajm.net\/index.php?rest_route=\/wp\/v2\/posts"}],"about":[{"href":"https:\/\/jugulajm.net\/index.php?rest_route=\/wp\/v2\/types\/post"}],"author":[{"embeddable":true,"href":"https:\/\/jugulajm.net\/index.php?rest_route=\/wp\/v2\/users\/5"}],"replies":[{"embeddable":true,"href":"https:\/\/jugulajm.net\/index.php?rest_route=%2Fwp%2Fv2%2Fcomments&post=89374"}],"version-history":[{"count":2,"href":"https:\/\/jugulajm.net\/index.php?rest_route=\/wp\/v2\/posts\/89374\/revisions"}],"predecessor-version":[{"id":89380,"href":"https:\/\/jugulajm.net\/index.php?rest_route=\/wp\/v2\/posts\/89374\/revisions\/89380"}],"wp:featuredmedia":[{"embeddable":true,"href":"https:\/\/jugulajm.net\/index.php?rest_route=\/wp\/v2\/media\/89376"}],"wp:attachment":[{"href":"https:\/\/jugulajm.net\/index.php?rest_route=%2Fwp%2Fv2%2Fmedia&parent=89374"}],"wp:term":[{"taxonomy":"category","embeddable":true,"href":"https:\/\/jugulajm.net\/index.php?rest_route=%2Fwp%2Fv2%2Fcategories&post=89374"},{"taxonomy":"post_tag","embeddable":true,"href":"https:\/\/jugulajm.net\/index.php?rest_route=%2Fwp%2Fv2%2Ftags&post=89374"}],"curies":[{"name":"wp","href":"https:\/\/api.w.org\/{rel}","templated":true}]}}