{"id":89339,"date":"2025-07-14T18:54:20","date_gmt":"2025-07-14T16:54:20","guid":{"rendered":"https:\/\/jugulajm.net\/?p=89339"},"modified":"2025-07-14T19:12:37","modified_gmt":"2025-07-14T17:12:37","slug":"lajm-i-fundit-flamur-golemi-i-tregon-gishtin-e-mesit-edi-rames-nenkryetaret-nuk-i-shkarkoj","status":"publish","type":"post","link":"https:\/\/jugulajm.net\/?p=89339","title":{"rendered":"LAJM I FUNDIT\/ Flamur Golemi i tregon &#8220;gishtin e mesit&#8221; Edi Ram\u00ebs, n\u00ebnkryetaret nuk i shkarkoj!!!"},"content":{"rendered":"<p>Nj\u00eb veprim kurajoz q\u00eb vlen t\u00eb mb\u00ebshtetet nga opinion publik n\u00eb Gjirokjast\u00ebr, \u00ebsht\u00eb ai i sotmi i kryebashkiakut Flamur Golemi.<\/p>\n<p>I pari kryebashkiak q\u00eb refuzon t\u00eb zbatoj\u00eb urdh\u00ebrin e kryeministrit, Edi Rama, p\u00ebr t\u00eb shkarkuar tre n\u00ebnkryetaret e Bashkis\u00eb s\u00eb Gjirokastr\u00ebs dhe shtat\u00eb administrator\u00ebt e NJA. Ndon\u00ebse nga ana e vet Bashkia e Gjirokastr\u00eb\u00ebs nuk ka dal\u00eb me ndonj\u00eb deklarat\u00eb zyrtare p\u00ebr k\u00ebt\u00eb zhvillim, b\u00ebhet e ditur se kryebashkiaku Golemi, ka refuzuar kat\u00ebrcip\u00ebrisht urdh\u00ebrin e Edi Ram\u00ebs p\u00ebr t\u00eb shkarkuar bashk\u00ebpun\u00ebtoret e tij t\u00eb ngushta, q\u00eb jan\u00eb n\u00eb rolin e n\u00ebnkryetareve t\u00eb Bashkis\u00eb.<\/p>\n<p>Ky veprim mjaft i guximsh\u00ebm i kryebashkiakut gjirokastrit, Flamur Golemi, \u00ebsht\u00eb i ngjash\u00ebm me refuzimin e urdh\u00ebrit t\u00eb Ram\u00ebs nga ana e kryebashkisk\u00ebve demokrat\u00eb t\u00eb Kavaj\u00ebs dhe Mirdit\u00ebs, q\u00eb u shpreh\u00ebn haptazi se urdh\u00ebrat e Ram\u00ebs kan\u00eb karakter politik dhe jo administrativ.<\/p>\n<p>Ndon\u00ebse Golemi nuk \u00ebsht\u00eb shprehur n\u00eb k\u00ebt\u00eb m\u00ebnyr\u00eb kaq t\u00eb drejtp\u00ebrdrejt\u00eb, ai mediave q\u00ebndrore n\u00eb kryeqytet u ka dh\u00ebn\u00eb p\u00ebrgjigje, se administrator\u00ebt kan\u00eb paraqitur dor\u00ebheqjet, por q\u00eb do t\u00eb vler\u00ebsohet performacna e tyre, nd\u00ebrsa p\u00ebr shkarkimin e tre n\u00ebnkryetareve as q\u00eb e ka z\u00ebn\u00eb n\u00eb goj\u00eb.<\/p>\n<p>Kjo me fjal\u00eb t\u00eb tjera p\u00ebrkthehet se performanca e tyre \u00ebsht\u00eb ekskluzivitet vet\u00ebm i tij dhe as i Ram\u00ebs dhe as i Kumbaros, kryesuese politike e Rilindjes n\u00eb Qarkun e Gjirokastr\u00ebs.<\/p>\n<p>N\u00eb morin\u00eb e vendimeve t\u00eb tij n\u00eb 6 vite si kryebashkiak i Gjirokastr\u00ebs, refuzimi i sot\u00ebm dhe nxjerrja e &#8220;gishtit t\u00eb mesit&#8221; kryeministrit Edi Rama, Flamur Golemi tregoi se \u00ebsht\u00eb me integritet t\u00eb lart\u00eb politik e moral, pavar\u00ebsisht se u b\u00eb mburoj\u00eb p\u00ebr bashk\u00ebpun\u00ebtoret e tij t\u00eb af\u00ebrta, q\u00eb g\u00ebzojn\u00eb postin e n\u00ebnkryetareve t\u00eb bashkis\u00eb.<\/p>\n<p>K\u00ebto tre \u201cbukuroshet e fjetura\u201d q\u00eb nuk i njeh askush n\u00eb Gjirokast\u00ebr, e b\u00ebjn\u00eb ndonj\u00eb pun\u00eb q\u00eb u\u2019a ka caktuar vet\u00eb kryebashkiaku Golemi, at\u00eb t\u00eb impostimit t\u00eb moll\u00ebzave p\u00ebr t\u00eb buz\u00ebqeshur, p\u00ebr t\u00eb pozuar t\u00ebr\u00eb dit\u00ebn n\u00eb rrjetet sociale dhe kur p\u00ebrsh\u00ebndeten me punonj\u00ebsit e bashkis\u00eb Mirm\u00ebngjes-Mirupafshim.<\/p>\n","protected":false},"excerpt":{"rendered":"<p>Nj\u00eb veprim kurajoz q\u00eb vlen t\u00eb mb\u00ebshtetet nga opinion publik n\u00eb Gjirokjast\u00ebr, \u00ebsht\u00eb ai i sotmi i kryebashkiakut Flamur Golemi. I pari kryebashkiak q\u00eb refuzon t\u00eb zbatoj\u00eb urdh\u00ebrin e kryeministrit, Edi Rama, p\u00ebr t\u00eb shkarkuar tre n\u00ebnkryetaret e Bashkis\u00eb s\u00eb Gjirokastr\u00ebs dhe shtat\u00eb administrator\u00ebt e NJA. Ndon\u00ebse nga ana e vet Bashkia e Gjirokastr\u00eb\u00ebs nuk [&hellip;]<\/p>\n","protected":false},"author":5,"featured_media":89340,"comment_status":"closed","ping_status":"closed","sticky":false,"template":"","format":"standard","meta":{"footnotes":""},"categories":[1,6332,29228],"tags":[20432,20213],"class_list":{"0":"post-89339","1":"post","2":"type-post","3":"status-publish","4":"format-standard","5":"has-post-thumbnail","7":"category-aktualitet","8":"category-te-fundit","9":"category-vendi","10":"tag-edi-rama","11":"tag-flamur-golemi"},"_links":{"self":[{"href":"https:\/\/jugulajm.net\/index.php?rest_route=\/wp\/v2\/posts\/89339","targetHints":{"allow":["GET"]}}],"collection":[{"href":"https:\/\/jugulajm.net\/index.php?rest_route=\/wp\/v2\/posts"}],"about":[{"href":"https:\/\/jugulajm.net\/index.php?rest_route=\/wp\/v2\/types\/post"}],"author":[{"embeddable":true,"href":"https:\/\/jugulajm.net\/index.php?rest_route=\/wp\/v2\/users\/5"}],"replies":[{"embeddable":true,"href":"https:\/\/jugulajm.net\/index.php?rest_route=%2Fwp%2Fv2%2Fcomments&post=89339"}],"version-history":[{"count":2,"href":"https:\/\/jugulajm.net\/index.php?rest_route=\/wp\/v2\/posts\/89339\/revisions"}],"predecessor-version":[{"id":89342,"href":"https:\/\/jugulajm.net\/index.php?rest_route=\/wp\/v2\/posts\/89339\/revisions\/89342"}],"wp:featuredmedia":[{"embeddable":true,"href":"https:\/\/jugulajm.net\/index.php?rest_route=\/wp\/v2\/media\/89340"}],"wp:attachment":[{"href":"https:\/\/jugulajm.net\/index.php?rest_route=%2Fwp%2Fv2%2Fmedia&parent=89339"}],"wp:term":[{"taxonomy":"category","embeddable":true,"href":"https:\/\/jugulajm.net\/index.php?rest_route=%2Fwp%2Fv2%2Fcategories&post=89339"},{"taxonomy":"post_tag","embeddable":true,"href":"https:\/\/jugulajm.net\/index.php?rest_route=%2Fwp%2Fv2%2Ftags&post=89339"}],"curies":[{"name":"wp","href":"https:\/\/api.w.org\/{rel}","templated":true}]}}