{"id":89333,"date":"2025-07-14T18:13:46","date_gmt":"2025-07-14T16:13:46","guid":{"rendered":"https:\/\/jugulajm.net\/?p=89333"},"modified":"2025-07-14T18:14:22","modified_gmt":"2025-07-14T16:14:22","slug":"avokat-llangoxi-kryeminister-leri-kasollet-e-malit-eja-sfido-oligarket-e-bregdetit","status":"publish","type":"post","link":"https:\/\/jugulajm.net\/?p=89333","title":{"rendered":"Avokat Llangozi: Kryeminist\u00ebr, l\u00ebri kasollet e malit, eja sfido oligark\u00ebt e bregdetit&#8230;"},"content":{"rendered":"<p><strong>Nga<\/strong> <span class=\"x1lliihq x6ikm8r x10wlt62 x1n2onr6 xlyipyv xuxw1ft\"><span class=\"xt0psk2\"><strong class=\"html-strong xdj266r x14z9mp xat24cr x1lziwak xexx8yu xyri2b x18d9i69 x1c1uobl x1hl2dhg x16tdsg8 x1vvkbs x1s688f\"><span class=\"html-span xdj266r x14z9mp xat24cr x1lziwak xexx8yu xyri2b x18d9i69 x1c1uobl x1hl2dhg x16tdsg8 x1vvkbs\">Avokat Arben Llangozi<\/span><\/strong><\/span><\/span><span class=\"html-span xdj266r x14z9mp xat24cr x1lziwak xexx8yu xyri2b x18d9i69 x1c1uobl x1hl2dhg x16tdsg8 x1vvkbs x1dor1uw x1n2onr6 xxymvpz x78zum5\">\u00a0<\/span><\/p>\n<div class=\"x14z9mp xat24cr x1lziwak x1vvkbs xtlvy1s x126k92a\">\n<div dir=\"auto\">Si avokat, e ndjej detyrim profesional dhe qytetar t\u00eb reagoj. Kam ndjekur me v\u00ebmendje shfaqjen politike t\u00eb dit\u00ebve t\u00eb fundit, ku Edi Rama \u00ebsht\u00eb kthyer n\u00eb nj\u00eb kritik t\u00eb p\u00ebrditsh\u00ebm t\u00eb nj\u00eb prokuroreje n\u00eb Shkod\u00ebr Elsa Gjeli.<\/div>\n<\/div>\n<div class=\"x14z9mp xat24cr x1lziwak x1vvkbs xtlvy1s x126k92a\">\n<div dir=\"auto\">Sipas tij, kjo prokurore ka lejuar nj\u00eb nd\u00ebrtim pa leje. Nj\u00eb kasolle. Diku n\u00eb nj\u00eb mal. Dhe p\u00ebr k\u00ebt\u00eb, Kryeministri i Shqip\u00ebris\u00eb \u00ebsht\u00eb vendosur n\u00eb \u201calarm komb\u00ebtar\u201d. \u00c7\u00ebshtje e r\u00ebnd\u00eb, padiskutim. Nj\u00eb kasolle q\u00eb tund themelet e shtetit!<\/div>\n<\/div>\n<div class=\"x14z9mp xat24cr x1lziwak x1vvkbs xtlvy1s x126k92a\">\n<div dir=\"auto\">Por, un\u00eb si avokat, marr p\u00ebrsip\u00ebr ta sfidoj publikisht Edi Ram\u00ebn. Jo p\u00ebr t\u00eb mbrojtur prokuroren, por p\u00ebr ta kthyer fokusin aty ku duhet t\u00eb jet\u00eb n\u00eb bregdetin shqiptar, ku nd\u00ebrtimet pa leje nuk jan\u00eb kasolle, por resorte luksi; nuk jan\u00eb n\u00eb mal, por mbi r\u00ebr\u00eb e mbi tok\u00eb publike; nuk jan\u00eb p\u00ebr t\u00eb mbijetuar, por p\u00ebr t\u00eb p\u00ebrfituar me miliona euro.<\/div>\n<\/div>\n<div class=\"x14z9mp xat24cr x1lziwak x1vvkbs xtlvy1s x126k92a\">\n<div dir=\"auto\">Pse nuk del Edi Rama t\u00eb em\u00ebroj\u00eb me em\u00ebr e mbiem\u00ebr prokuror\u00ebt e Vlor\u00ebs, q\u00eb kan\u00eb mbyllur syt\u00eb ndaj shkeljeve monumentale t\u00eb ligjit? Pse nuk flet p\u00ebr dosjet q\u00eb fshihen n\u00ebn tavolina, p\u00ebr tokat publike q\u00eb jan\u00eb kthyer n\u00eb pla\u00e7k\u00eb, p\u00ebr projektet q\u00eb nd\u00ebrtohen mbi varret e ligjshm\u00ebris\u00eb?<\/div>\n<\/div>\n<div class=\"x14z9mp xat24cr x1lziwak x1vvkbs xtlvy1s x126k92a\">\n<div dir=\"auto\">Apo sepse n\u00eb Vlor\u00eb nuk ka \u201cElsa\u201d, por ka aleat\u00eb, ortak\u00eb, klient\u00eb, dhe e them pa dorashka oligark\u00eb t\u00eb lidhur me pushtetin?<\/div>\n<\/div>\n<div class=\"x14z9mp xat24cr x1lziwak x1vvkbs xtlvy1s x126k92a\">\n<div dir=\"auto\">Zoti Rama, lufta kund\u00ebr nd\u00ebrtimit pa leje nuk b\u00ebhet me kasolle n\u00eb mal. Nuk jeni kryetar komune, jeni kryeminist\u00ebr. N\u00ebse doni t\u00eb nd\u00ebrtoni besueshm\u00ebri te qytetar\u00ebt, mos e p\u00ebrdorni drejt\u00ebsin\u00eb p\u00ebr show, por p\u00ebrdoreni p\u00ebr drejt\u00ebsi t\u00eb v\u00ebrtet\u00eb.<\/div>\n<\/div>\n<div class=\"x14z9mp xat24cr x1lziwak x1vvkbs xtlvy1s x126k92a\">\n<div dir=\"auto\">Un\u00eb jam gati t\u00eb publikoj \u00e7do dokument q\u00eb tregon p\u00ebr heshtjen kriminale t\u00eb prokuror\u00ebve t\u00eb Vlor\u00ebs. Dhe jam po aq gati ta ndjek k\u00ebt\u00eb betej\u00eb deri n\u00eb fund jo p\u00ebr t\u00eb mbrojtur kasollet e varf\u00ebris\u00eb, por p\u00ebr t\u00eb zbuluar pallatet e korrupsionit.<\/div>\n<\/div>\n<div class=\"x14z9mp xat24cr x1lziwak x1vvkbs xtlvy1s x126k92a\">\n<div dir=\"auto\">Zoti Kryeminist\u00ebr, n\u00ebse keni guxim, eja! L\u00ebre Elsen. Dhe p\u00ebrballu me t\u00eb v\u00ebrtet\u00ebn e pronave n\u00eb bregdet.<\/div>\n<\/div>\n","protected":false},"excerpt":{"rendered":"<p>Nga Avokat Arben Llangozi\u00a0 Si avokat, e ndjej detyrim profesional dhe qytetar t\u00eb reagoj. Kam ndjekur me v\u00ebmendje shfaqjen politike t\u00eb dit\u00ebve t\u00eb fundit, ku Edi Rama \u00ebsht\u00eb kthyer n\u00eb nj\u00eb kritik t\u00eb p\u00ebrditsh\u00ebm t\u00eb nj\u00eb prokuroreje n\u00eb Shkod\u00ebr Elsa Gjeli. Sipas tij, kjo prokurore ka lejuar nj\u00eb nd\u00ebrtim pa leje. Nj\u00eb kasolle. Diku n\u00eb [&hellip;]<\/p>\n","protected":false},"author":5,"featured_media":89334,"comment_status":"closed","ping_status":"closed","sticky":false,"template":"","format":"standard","meta":{"footnotes":""},"categories":[1,6332,29228],"tags":[37132,37131,37130],"class_list":{"0":"post-89333","1":"post","2":"type-post","3":"status-publish","4":"format-standard","5":"has-post-thumbnail","7":"category-aktualitet","8":"category-te-fundit","9":"category-vendi","10":"tag-avokat-llangozi-kryeminister","11":"tag-eja-sfido-oligarket-e-bregdetit","12":"tag-leri-kasollet-e-malit"},"_links":{"self":[{"href":"https:\/\/jugulajm.net\/index.php?rest_route=\/wp\/v2\/posts\/89333","targetHints":{"allow":["GET"]}}],"collection":[{"href":"https:\/\/jugulajm.net\/index.php?rest_route=\/wp\/v2\/posts"}],"about":[{"href":"https:\/\/jugulajm.net\/index.php?rest_route=\/wp\/v2\/types\/post"}],"author":[{"embeddable":true,"href":"https:\/\/jugulajm.net\/index.php?rest_route=\/wp\/v2\/users\/5"}],"replies":[{"embeddable":true,"href":"https:\/\/jugulajm.net\/index.php?rest_route=%2Fwp%2Fv2%2Fcomments&post=89333"}],"version-history":[{"count":2,"href":"https:\/\/jugulajm.net\/index.php?rest_route=\/wp\/v2\/posts\/89333\/revisions"}],"predecessor-version":[{"id":89336,"href":"https:\/\/jugulajm.net\/index.php?rest_route=\/wp\/v2\/posts\/89333\/revisions\/89336"}],"wp:featuredmedia":[{"embeddable":true,"href":"https:\/\/jugulajm.net\/index.php?rest_route=\/wp\/v2\/media\/89334"}],"wp:attachment":[{"href":"https:\/\/jugulajm.net\/index.php?rest_route=%2Fwp%2Fv2%2Fmedia&parent=89333"}],"wp:term":[{"taxonomy":"category","embeddable":true,"href":"https:\/\/jugulajm.net\/index.php?rest_route=%2Fwp%2Fv2%2Fcategories&post=89333"},{"taxonomy":"post_tag","embeddable":true,"href":"https:\/\/jugulajm.net\/index.php?rest_route=%2Fwp%2Fv2%2Ftags&post=89333"}],"curies":[{"name":"wp","href":"https:\/\/api.w.org\/{rel}","templated":true}]}}