{"id":89247,"date":"2025-07-12T11:27:45","date_gmt":"2025-07-12T09:27:45","guid":{"rendered":"https:\/\/jugulajm.net\/?p=89247"},"modified":"2025-07-12T11:28:16","modified_gmt":"2025-07-12T09:28:16","slug":"emrat-proda-emeron-drejtuesit-e-rinj-te-9-komisariateve-1-prej-tyre-eshte-grua","status":"publish","type":"post","link":"https:\/\/jugulajm.net\/?p=89247","title":{"rendered":"EMRAT\/ Proda em\u00ebron drejtuesit e rinj t\u00eb 9 komisariateve, 1 prej tyre \u00ebsht\u00eb grua"},"content":{"rendered":"<p>Drejtori i P\u00ebrgjithsh\u00ebm i Policis\u00eb s\u00eb Shtetit, Drejtues Madhor, Ilir Proda, ka b\u00ebr\u00eb ndryshime n\u00eb drejtimin e disa strukturave vendore.<\/p>\n<p>Nd\u00ebr em\u00ebrimet spikat fakti q\u00eb nj\u00eb prej tyre \u00ebsht\u00eb nj\u00eb grua.<\/p>\n<p>K\u00ebshtu, Komisare Edjona Dano \u00ebsht\u00eb emeruar Shefe e Komisariatit t\u00eb Policis\u00eb Ku\u00e7ov\u00eb.<\/p>\n<p>Shefi i Komisariatit t\u00eb Policis\u00eb Ku\u00e7ov\u00eb, Kleant Serdari, \u00ebsht\u00eb em\u00ebruar Shef i Komisariatit t\u00eb Policis\u00eb Mallakast\u00ebr.<\/p>\n<p>Shefi i Komisariatit te Policis\u00eb Mallakast\u00ebr, Bledar Metaj, \u00ebsht\u00eb em\u00ebruar Shef Sektori i Policis\u00eb Rrugore n\u00eb DVP Vlor\u00eb.<\/p>\n<p>-Florian Dano &#8211; shef n\u00eb komisariatin e Policis\u00eb Kufitare Dib\u00ebr.<\/p>\n<p>-Elvid Shehu &#8211; shef n\u00eb Komisariatin e Policis\u00eb kufitare Sarand\u00eb.<\/p>\n<p>-Ferit Merkaj &#8211; shef n\u00eb Komisariatin e Policis\u00eb Himar\u00eb.<\/p>\n<p>-Kliton Zharri &#8211; shef n\u00eb Komisariatin e Policis\u00eb C\u00ebrrik.<\/p>\n<p>-Ajet Bega &#8211; Shef n\u00eb Komisariatin e Policis\u00eb Kurbin.<\/p>\n<p>-Leonard Ndreka- Shef n\u00eb Komisariatin e Policis\u00eb Gramsh.<\/p>\n<p>-Krenar Gu\u00e7e &#8211; Zv.drejtor p\u00ebr krimet n\u00eb DVP Elbasan.<\/p>\n<p>-Gentian Dedej &#8211; Shef n\u00eb Komisariatin e Policis\u00eb Pogradec.<\/p>\n<p>-Idriz Daulle, nga zv\/drejtor i Rendit n\u00eb DVP Tiran\u00eb, em\u00ebrohet Shef i Komisariatit t\u00eb Policis\u00eb nr. 5, Tiran\u00eb.<\/p>\n<p>-Besmir Qebini, nga Shef Komisariati i Policis\u00eb nr. 5, em\u00ebrohet Shef i Komisariatit t\u00eb Policis\u00eb Kuk\u00ebs.<\/p>\n<p>-Bekim Lika, nga Shef i Komisariatit t\u00eb Policis\u00eb Kuk\u00ebs, em\u00ebrohet Shef i Komisariatit t\u00eb Policis\u00eb Shkod\u00ebr.<\/p>\n<p>-Ermal Kena\u00e7i, em\u00ebrohet Shef i Komisariatit t\u00eb Policis\u00eb nr. 2, Tiran\u00eb.<\/p>\n<p>-Feliks Hoda, em\u00ebrohet Shef i Komisariatit t\u00eb Policis\u00eb nr. 4, Tiran\u00eb.<\/p>\n<p>-Ervis Gjoshi, nga Shef i Komisariatit t\u00eb Policis\u00eb nr. 4, em\u00ebrohet Z\u00ebvend\u00ebsdrejtor p\u00ebr Rendin n\u00eb Drejtorin\u00eb Vendore t\u00eb Policis\u00eb Tiran\u00eb.<\/p>\n<p>-Robert Losha, em\u00ebrohet Shef i Komisariatit t\u00eb Policis\u00eb nr. 7, Tiran\u00eb.<\/p>\n<p>-Elton Shahini, em\u00ebrohet Shef i Komisariatit t\u00eb Policis\u00eb nr. 1, Tiran\u00eb.<\/p>\n","protected":false},"excerpt":{"rendered":"<p>Drejtori i P\u00ebrgjithsh\u00ebm i Policis\u00eb s\u00eb Shtetit, Drejtues Madhor, Ilir Proda, ka b\u00ebr\u00eb ndryshime n\u00eb drejtimin e disa strukturave vendore. Nd\u00ebr em\u00ebrimet spikat fakti q\u00eb nj\u00eb prej tyre \u00ebsht\u00eb nj\u00eb grua. K\u00ebshtu, Komisare Edjona Dano \u00ebsht\u00eb emeruar Shefe e Komisariatit t\u00eb Policis\u00eb Ku\u00e7ov\u00eb. Shefi i Komisariatit t\u00eb Policis\u00eb Ku\u00e7ov\u00eb, Kleant Serdari, \u00ebsht\u00eb em\u00ebruar Shef i [&hellip;]<\/p>\n","protected":false},"author":5,"featured_media":79330,"comment_status":"closed","ping_status":"closed","sticky":false,"template":"","format":"standard","meta":{"footnotes":""},"categories":[1,6332,29228],"tags":[37094,37093],"class_list":{"0":"post-89247","1":"post","2":"type-post","3":"status-publish","4":"format-standard","5":"has-post-thumbnail","7":"category-aktualitet","8":"category-te-fundit","9":"category-vendi","10":"tag-1-prej-tyre-eshte-grua","11":"tag-emrat-proda-emeron-drejtuesit-e-rinj-te-9-komisariateve"},"_links":{"self":[{"href":"https:\/\/jugulajm.net\/index.php?rest_route=\/wp\/v2\/posts\/89247","targetHints":{"allow":["GET"]}}],"collection":[{"href":"https:\/\/jugulajm.net\/index.php?rest_route=\/wp\/v2\/posts"}],"about":[{"href":"https:\/\/jugulajm.net\/index.php?rest_route=\/wp\/v2\/types\/post"}],"author":[{"embeddable":true,"href":"https:\/\/jugulajm.net\/index.php?rest_route=\/wp\/v2\/users\/5"}],"replies":[{"embeddable":true,"href":"https:\/\/jugulajm.net\/index.php?rest_route=%2Fwp%2Fv2%2Fcomments&post=89247"}],"version-history":[{"count":2,"href":"https:\/\/jugulajm.net\/index.php?rest_route=\/wp\/v2\/posts\/89247\/revisions"}],"predecessor-version":[{"id":89249,"href":"https:\/\/jugulajm.net\/index.php?rest_route=\/wp\/v2\/posts\/89247\/revisions\/89249"}],"wp:featuredmedia":[{"embeddable":true,"href":"https:\/\/jugulajm.net\/index.php?rest_route=\/wp\/v2\/media\/79330"}],"wp:attachment":[{"href":"https:\/\/jugulajm.net\/index.php?rest_route=%2Fwp%2Fv2%2Fmedia&parent=89247"}],"wp:term":[{"taxonomy":"category","embeddable":true,"href":"https:\/\/jugulajm.net\/index.php?rest_route=%2Fwp%2Fv2%2Fcategories&post=89247"},{"taxonomy":"post_tag","embeddable":true,"href":"https:\/\/jugulajm.net\/index.php?rest_route=%2Fwp%2Fv2%2Ftags&post=89247"}],"curies":[{"name":"wp","href":"https:\/\/api.w.org\/{rel}","templated":true}]}}