{"id":89202,"date":"2025-07-11T11:10:56","date_gmt":"2025-07-11T09:10:56","guid":{"rendered":"https:\/\/jugulajm.net\/?p=89202"},"modified":"2025-07-11T11:10:56","modified_gmt":"2025-07-11T09:10:56","slug":"urdheri-tjeter-i-rames-te-shkarkohen-te-gjithe-kryetaret-e-njesive-administrative-te-bashkive-ne-shqiperi-ja-se-kur","status":"publish","type":"post","link":"https:\/\/jugulajm.net\/?p=89202","title":{"rendered":"Urdh\u00ebri tjet\u00ebr i Ram\u00ebs: T\u00eb shkarkohen t\u00eb gjith\u00eb kryetar\u00ebt e nj\u00ebsive administrative t\u00eb bashkive n\u00eb Shqip\u00ebri, ja se kur&#8230;"},"content":{"rendered":"<p>Gjat\u00eb takimit me kryetar\u00ebt e bashkive, kryeministri Edi Rama urdh\u00ebroi se t\u00eb gjith\u00eb kryetar\u00ebt e nj\u00ebsive administrative n\u00eb Shqip\u00ebri duhet t\u00eb shkarkohen.<\/p>\n<p>Rama tha se shqiptar\u00ebt na votuan p\u00ebr t\u2019i p\u00ebrmir\u00ebsuar gj\u00ebrat dhe k\u00ebt\u00eb gj\u00eb duhet ta b\u00ebjm\u00eb pa p\u00ebrs\u00ebritur asnj\u00eb gabim.<\/p>\n<p>Shpresoj q\u00eb t\u00eb h\u00ebn\u00ebn t\u00eb gjith\u00eb kryetar\u00ebt e nj\u00ebsive administrative t\u00eb jen\u00eb t\u00eb shkarkuar.<\/p>\n<p>\u201cP\u00ebrsa i p\u00ebrket kryetar\u00ebve t\u00eb PS, t\u00eb gjith\u00eb kryetar\u00ebt e nj\u00ebsive administrative t\u00eb Republik\u00ebs s\u00eb Shqip\u00ebris\u00eb, t\u00eb gjith\u00eb duhet t\u00eb shkarkohen dhe t\u2019u rijepet mund\u00ebsia, por t\u2019u jepet edhe t\u00eb tjer\u00ebve kjo mund\u00ebsi q\u00eb t\u00eb tregohen t\u00eb zot\u00eb. Votat q\u00eb kemi marr\u00eb kan\u00eb rritur diferenc\u00ebn mes atyre q\u00eb jemi an\u00ebtar\u00eb partie dhe atyre q\u00eb e duan k\u00ebt\u00eb parti n\u00eb krye. Duhet ta rrisim k\u00ebt\u00eb hap\u00ebsir\u00eb dhe p\u00ebr ata t\u00eb tjer\u00ebt q\u00eb nuk na njihnin dhe s\u2019jan\u00eb me ne, na e kan\u00eb dh\u00ebn\u00eb vot\u00ebn q\u00eb ne t\u00eb b\u00ebjm\u00eb m\u00eb mir\u00eb. Dhe nga ana tjet\u00ebr, Shqip\u00ebrin\u00eb n\u00eb BE n\u00eb 2030 nuk e b\u00ebjm\u00eb dot duke p\u00ebrs\u00ebritur t\u00eb nj\u00ebjtat gabime. Gabime mund t\u00eb b\u00ebjm\u00eb, por t\u00eb reja \u2013 jo t\u00eb nj\u00ebjtat gabime. Dhe nj\u00eb nga gj\u00ebrat kryesore \u00ebsht\u00eb t\u2019u japim nj\u00eb mund\u00ebsi t\u00eb re njer\u00ebzve q\u00eb kontribuojn\u00eb n\u00eb k\u00ebt\u00eb vend. Edhe drejtor\u00ebt dhe kryetar\u00ebt nuk i fus gjith\u00eb n\u00eb nj\u00eb thes, se me siguri ka edhe kryetar\u00eb nj\u00ebsish si ai i Novosel\u00ebs q\u00eb \u00ebsht\u00eb 30 vjet aty, dit\u00eb e nat\u00eb n\u00eb krye t\u00eb pun\u00ebs. Nuk i fus gjith\u00eb n\u00eb thes se nuk ka nevoj\u00eb t\u00eb thuash se e sheh q\u00eb tek bar\u00ebrat e k\u00ebqija nuk funksionojn\u00eb. Kryetari i nj\u00ebsis\u00eb q\u00eb ka n\u00eb ngarkim varrezat n\u00eb Elbasan duhet shkarkuar pa kthim,\u201d \u2013 tha kryeministri Rama.<\/p>\n","protected":false},"excerpt":{"rendered":"<p>Gjat\u00eb takimit me kryetar\u00ebt e bashkive, kryeministri Edi Rama urdh\u00ebroi se t\u00eb gjith\u00eb kryetar\u00ebt e nj\u00ebsive administrative n\u00eb Shqip\u00ebri duhet t\u00eb shkarkohen. Rama tha se shqiptar\u00ebt na votuan p\u00ebr t\u2019i p\u00ebrmir\u00ebsuar gj\u00ebrat dhe k\u00ebt\u00eb gj\u00eb duhet ta b\u00ebjm\u00eb pa p\u00ebrs\u00ebritur asnj\u00eb gabim. Shpresoj q\u00eb t\u00eb h\u00ebn\u00ebn t\u00eb gjith\u00eb kryetar\u00ebt e nj\u00ebsive administrative t\u00eb jen\u00eb t\u00eb [&hellip;]<\/p>\n","protected":false},"author":5,"featured_media":89203,"comment_status":"closed","ping_status":"closed","sticky":false,"template":"","format":"standard","meta":{"footnotes":""},"categories":[1,6326,6332,29228],"tags":[37074],"class_list":{"0":"post-89202","1":"post","2":"type-post","3":"status-publish","4":"format-standard","5":"has-post-thumbnail","7":"category-aktualitet","8":"category-politike","9":"category-te-fundit","10":"category-vendi","11":"tag-urdheri-tjeter-i-rames-te-shkarkohen-te-gjithe-kryetaret-e-njesive-administrative-te-bashkive-ne-shqiperi"},"_links":{"self":[{"href":"https:\/\/jugulajm.net\/index.php?rest_route=\/wp\/v2\/posts\/89202","targetHints":{"allow":["GET"]}}],"collection":[{"href":"https:\/\/jugulajm.net\/index.php?rest_route=\/wp\/v2\/posts"}],"about":[{"href":"https:\/\/jugulajm.net\/index.php?rest_route=\/wp\/v2\/types\/post"}],"author":[{"embeddable":true,"href":"https:\/\/jugulajm.net\/index.php?rest_route=\/wp\/v2\/users\/5"}],"replies":[{"embeddable":true,"href":"https:\/\/jugulajm.net\/index.php?rest_route=%2Fwp%2Fv2%2Fcomments&post=89202"}],"version-history":[{"count":1,"href":"https:\/\/jugulajm.net\/index.php?rest_route=\/wp\/v2\/posts\/89202\/revisions"}],"predecessor-version":[{"id":89204,"href":"https:\/\/jugulajm.net\/index.php?rest_route=\/wp\/v2\/posts\/89202\/revisions\/89204"}],"wp:featuredmedia":[{"embeddable":true,"href":"https:\/\/jugulajm.net\/index.php?rest_route=\/wp\/v2\/media\/89203"}],"wp:attachment":[{"href":"https:\/\/jugulajm.net\/index.php?rest_route=%2Fwp%2Fv2%2Fmedia&parent=89202"}],"wp:term":[{"taxonomy":"category","embeddable":true,"href":"https:\/\/jugulajm.net\/index.php?rest_route=%2Fwp%2Fv2%2Fcategories&post=89202"},{"taxonomy":"post_tag","embeddable":true,"href":"https:\/\/jugulajm.net\/index.php?rest_route=%2Fwp%2Fv2%2Ftags&post=89202"}],"curies":[{"name":"wp","href":"https:\/\/api.w.org\/{rel}","templated":true}]}}