{"id":89174,"date":"2025-07-10T10:44:10","date_gmt":"2025-07-10T08:44:10","guid":{"rendered":"https:\/\/jugulajm.net\/?p=89174"},"modified":"2025-07-10T10:44:58","modified_gmt":"2025-07-10T08:44:58","slug":"emrat-drejtori-proda-shkarkon-nga-detyra-drejtuesit-e-policise-se-shkodres-ja-arsyeja","status":"publish","type":"post","link":"https:\/\/jugulajm.net\/?p=89174","title":{"rendered":"EMRAT\/ Drejtori i P\u00ebrgjithsh\u00ebm i Policis\u00eb s\u00eb Shtetit, Ilir Proda, shkarkon nga detyra drejtuesit e policis\u00eb s\u00eb Shkodr\u00ebs, ja arsyeja&#8230;"},"content":{"rendered":"<p>Nj\u00eb val\u00eb shkarkimesh ka p\u00ebrfshir\u00eb Drejtorin\u00eb Vendore t\u00eb Policis\u00eb n\u00eb Shkod\u00ebr, pas skandalit me nd\u00ebrtimet pa leje n\u00eb zon\u00ebn turistike t\u00eb Thethit.<\/p>\n<p>Drejtori i P\u00ebrgjithsh\u00ebm i Policis\u00eb s\u00eb Shtetit, Ilir Proda, ka b\u00ebr\u00eb publike vendimin p\u00ebr shkarkimin e drejtorit t\u00eb policis\u00eb vendore, si dhe t\u00eb nj\u00eb pjese t\u00eb struktur\u00ebs drejtuese.<\/p>\n<p>\u00cbsht\u00eb shkarkuar nga detyra Fatmir Lleshi, drejtor i policis\u00eb Shkod\u00ebr dhe shefi i komisariatit, Nik Nikolla.<\/p>\n<p>Nderkohe qe Shefi i Stacionit t\u00eb Thethit \u00ebsht\u00eb pezulluar nga detyra.<\/p>\n<p>Nd\u00ebrkoh\u00eb, jan\u00eb paralajm\u00ebruar edhe masa t\u00eb tjera disiplinore e administrative ndaj punonj\u00ebsve t\u00eb tjer\u00eb t\u00eb p\u00ebrfshir\u00eb ose q\u00eb kan\u00eb neglizhuar detyr\u00ebn.<\/p>\n<p>Policia e Shtetit ka theksuar se nuk do t\u00eb tolerohet asnj\u00eb shkelje ligji, ve\u00e7an\u00ebrisht n\u00eb zona t\u00eb ndjeshme si parqet komb\u00ebtare.<\/p>\n","protected":false},"excerpt":{"rendered":"<p>Nj\u00eb val\u00eb shkarkimesh ka p\u00ebrfshir\u00eb Drejtorin\u00eb Vendore t\u00eb Policis\u00eb n\u00eb Shkod\u00ebr, pas skandalit me nd\u00ebrtimet pa leje n\u00eb zon\u00ebn turistike t\u00eb Thethit. Drejtori i P\u00ebrgjithsh\u00ebm i Policis\u00eb s\u00eb Shtetit, Ilir Proda, ka b\u00ebr\u00eb publike vendimin p\u00ebr shkarkimin e drejtorit t\u00eb policis\u00eb vendore, si dhe t\u00eb nj\u00eb pjese t\u00eb struktur\u00ebs drejtuese. \u00cbsht\u00eb shkarkuar nga detyra Fatmir [&hellip;]<\/p>\n","protected":false},"author":5,"featured_media":79330,"comment_status":"closed","ping_status":"closed","sticky":false,"template":"","format":"standard","meta":{"footnotes":""},"categories":[1,6332,29228],"tags":[37059,20856],"class_list":{"0":"post-89174","1":"post","2":"type-post","3":"status-publish","4":"format-standard","5":"has-post-thumbnail","7":"category-aktualitet","8":"category-te-fundit","9":"category-vendi","10":"tag-emrat-drejtori-proda-shkarkon-nga-detyra-drejtuesit-e-policise-se-shkodres","11":"tag-ja-arsyeja"},"_links":{"self":[{"href":"https:\/\/jugulajm.net\/index.php?rest_route=\/wp\/v2\/posts\/89174","targetHints":{"allow":["GET"]}}],"collection":[{"href":"https:\/\/jugulajm.net\/index.php?rest_route=\/wp\/v2\/posts"}],"about":[{"href":"https:\/\/jugulajm.net\/index.php?rest_route=\/wp\/v2\/types\/post"}],"author":[{"embeddable":true,"href":"https:\/\/jugulajm.net\/index.php?rest_route=\/wp\/v2\/users\/5"}],"replies":[{"embeddable":true,"href":"https:\/\/jugulajm.net\/index.php?rest_route=%2Fwp%2Fv2%2Fcomments&post=89174"}],"version-history":[{"count":2,"href":"https:\/\/jugulajm.net\/index.php?rest_route=\/wp\/v2\/posts\/89174\/revisions"}],"predecessor-version":[{"id":89176,"href":"https:\/\/jugulajm.net\/index.php?rest_route=\/wp\/v2\/posts\/89174\/revisions\/89176"}],"wp:featuredmedia":[{"embeddable":true,"href":"https:\/\/jugulajm.net\/index.php?rest_route=\/wp\/v2\/media\/79330"}],"wp:attachment":[{"href":"https:\/\/jugulajm.net\/index.php?rest_route=%2Fwp%2Fv2%2Fmedia&parent=89174"}],"wp:term":[{"taxonomy":"category","embeddable":true,"href":"https:\/\/jugulajm.net\/index.php?rest_route=%2Fwp%2Fv2%2Fcategories&post=89174"},{"taxonomy":"post_tag","embeddable":true,"href":"https:\/\/jugulajm.net\/index.php?rest_route=%2Fwp%2Fv2%2Ftags&post=89174"}],"curies":[{"name":"wp","href":"https:\/\/api.w.org\/{rel}","templated":true}]}}