{"id":89143,"date":"2025-07-09T08:45:36","date_gmt":"2025-07-09T06:45:36","guid":{"rendered":"https:\/\/jugulajm.net\/?p=89143"},"modified":"2025-07-09T08:49:53","modified_gmt":"2025-07-09T06:49:53","slug":"lajm-i-fundit-te-shtena-me-arme-zjarri-vritet-21-vjecari","status":"publish","type":"post","link":"https:\/\/jugulajm.net\/?p=89143","title":{"rendered":"LAJM I FUNDIT\/ Gjendet i pajet\u00eb pran\u00eb liqenit nj\u00eb 23-vje\u00e7ar"},"content":{"rendered":"<p>Mbr\u00ebmjen e djeshme, \u00ebsht\u00eb paraqitur n\u00eb Komisariatin e Policis\u00eb Mat, shtetasi R. D., i cili ka kall\u00ebzuar se djali i tij, shtetasi R. D., 23 vje\u00e7, nuk ishte kthyer n\u00eb banes\u00eb.<\/p>\n<p>Sh\u00ebrbimet e Policis\u00eb kan\u00eb nisur menj\u00ebher\u00eb k\u00ebrkimet p\u00ebr gjetjen e 23-vje\u00e7arit.<\/p>\n<p>Pas disa or\u00ebsh k\u00ebrkime, sh\u00ebrbimet e Policis\u00eb kan\u00eb gjetur trupin e pajet\u00eb t\u00eb 23-vje\u00e7arit, pran\u00eb liqenit t\u00eb Shkopetit, nd\u00ebrsa automjeti i tij dyshohet se ka r\u00ebn\u00eb n\u00eb liqen.<\/p>\n<p>N\u00eb lidhje me k\u00ebt\u00eb rast \u00ebsht\u00eb ngritur nj\u00eb grup i posa\u00e7\u00ebm hetimor dhe n\u00eb drejtimin e Prokuroris\u00eb vijojn\u00eb hetimet p\u00ebr zbardhjen e rrethanave dhe dokumentimin ligjor t\u00eb rastit.<\/p>\n","protected":false},"excerpt":{"rendered":"<p>Mbr\u00ebmjen e djeshme, \u00ebsht\u00eb paraqitur n\u00eb Komisariatin e Policis\u00eb Mat, shtetasi R. D., i cili ka kall\u00ebzuar se djali i tij, shtetasi R. D., 23 vje\u00e7, nuk ishte kthyer n\u00eb banes\u00eb. Sh\u00ebrbimet e Policis\u00eb kan\u00eb nisur menj\u00ebher\u00eb k\u00ebrkimet p\u00ebr gjetjen e 23-vje\u00e7arit. Pas disa or\u00ebsh k\u00ebrkime, sh\u00ebrbimet e Policis\u00eb kan\u00eb gjetur trupin e pajet\u00eb t\u00eb [&hellip;]<\/p>\n","protected":false},"author":5,"featured_media":55168,"comment_status":"closed","ping_status":"closed","sticky":false,"template":"","format":"standard","meta":{"footnotes":""},"categories":[1,6332,29228],"tags":[37041],"class_list":{"0":"post-89143","1":"post","2":"type-post","3":"status-publish","4":"format-standard","5":"has-post-thumbnail","7":"category-aktualitet","8":"category-te-fundit","9":"category-vendi","10":"tag-lajm-i-fundit-gjendet-i-pajete-prane-liqenit-nje-23-vjecar"},"_links":{"self":[{"href":"https:\/\/jugulajm.net\/index.php?rest_route=\/wp\/v2\/posts\/89143","targetHints":{"allow":["GET"]}}],"collection":[{"href":"https:\/\/jugulajm.net\/index.php?rest_route=\/wp\/v2\/posts"}],"about":[{"href":"https:\/\/jugulajm.net\/index.php?rest_route=\/wp\/v2\/types\/post"}],"author":[{"embeddable":true,"href":"https:\/\/jugulajm.net\/index.php?rest_route=\/wp\/v2\/users\/5"}],"replies":[{"embeddable":true,"href":"https:\/\/jugulajm.net\/index.php?rest_route=%2Fwp%2Fv2%2Fcomments&post=89143"}],"version-history":[{"count":2,"href":"https:\/\/jugulajm.net\/index.php?rest_route=\/wp\/v2\/posts\/89143\/revisions"}],"predecessor-version":[{"id":89145,"href":"https:\/\/jugulajm.net\/index.php?rest_route=\/wp\/v2\/posts\/89143\/revisions\/89145"}],"wp:featuredmedia":[{"embeddable":true,"href":"https:\/\/jugulajm.net\/index.php?rest_route=\/wp\/v2\/media\/55168"}],"wp:attachment":[{"href":"https:\/\/jugulajm.net\/index.php?rest_route=%2Fwp%2Fv2%2Fmedia&parent=89143"}],"wp:term":[{"taxonomy":"category","embeddable":true,"href":"https:\/\/jugulajm.net\/index.php?rest_route=%2Fwp%2Fv2%2Fcategories&post=89143"},{"taxonomy":"post_tag","embeddable":true,"href":"https:\/\/jugulajm.net\/index.php?rest_route=%2Fwp%2Fv2%2Ftags&post=89143"}],"curies":[{"name":"wp","href":"https:\/\/api.w.org\/{rel}","templated":true}]}}