{"id":89135,"date":"2025-07-08T19:40:36","date_gmt":"2025-07-08T17:40:36","guid":{"rendered":"https:\/\/jugulajm.net\/?p=89135"},"modified":"2025-07-08T19:40:36","modified_gmt":"2025-07-08T17:40:36","slug":"rama-me-sepate-te-madhe-pas-vlores-kerkon-shkarkimin-e-gjithe-drejtoreve-ne-bashkite-e-fierit-dhe-durresit","status":"publish","type":"post","link":"https:\/\/jugulajm.net\/?p=89135","title":{"rendered":"Rama me &#8220;s\u00ebpat\u00eb t\u00eb madhe&#8221;, pas Vlor\u00ebs k\u00ebrkon shkarkimin e gjith\u00eb drejtor\u00ebve n\u00eb Bashkit\u00eb e Fierit dhe Durr\u00ebsit"},"content":{"rendered":"<p>Aksioni p\u00ebr lirimin e hap\u00ebsirave publike, i nisur nga kryeministri Edi Rama n\u00eb mbar\u00eb vendin, po shkakton t\u00ebrmet n\u00eb disa bashki.<\/p>\n<p>Pas Vlor\u00ebs, kryeministri Edi Rama zhvilloi nj\u00eb takim t\u00eb tensionuar dhe me tone t\u00eb ashpra edhe n\u00eb Bashkit\u00eb e Fierit dhe t\u00eb Durr\u00ebsit. Kreu i qeveris\u00eb ka k\u00ebrkuar dor\u00ebheqjen e t\u00eb gjith\u00eb drejtuesve q\u00eb varen nga dy bashkit\u00eb, si dhe t\u00eb drejtuesve t\u00eb institucioneve q\u00eb nuk kan\u00eb p\u00ebrmbushur detyr\u00ebn.<\/p>\n<p>N\u00eb takimin me kryeministrin Rama ishin drejtues institucionesh, drejtor\u00eb rajonal\u00eb dhe deputet\u00ebt e qarqeve p\u00ebrkat\u00ebse.<\/p>\n<p>Fillimisht, Rama u ndal n\u00eb Fier, ku sipas burimeve iu ka folur drejtor\u00ebve me tone t\u00eb ashpra p\u00ebr zaptimin e hap\u00ebsirave publike, past\u00ebrtin\u00eb e qytetit, q\u00eb sipas tij, l\u00eb shum\u00eb p\u00ebr t\u00eb d\u00ebshiruar, dhe mosrespektimin e qytetar\u00ebve. \u201cAta na kan\u00eb vler\u00ebsuar me vot\u00eb, ndaj ky besim duhet p\u00ebrkthyer n\u00eb respekt ndaj tyre\u201d, ka th\u00ebn\u00eb Rama para drejtor\u00ebve t\u00eb Qarkut Fier, q\u00eb i dha 12 mandate deputet\u00ebsh Partis\u00eb Socialiste n\u00eb zgjedhjet e 11 Majit. M\u00ebsohet se largimi i drejtor\u00ebve do t\u00eb b\u00ebhet n\u00eb grup dhe n\u00eb var\u00ebsi t\u00eb performanc\u00ebs s\u00eb tyre n\u00eb pun\u00eb.<\/p>\n<p>Ndryshimet n\u00eb administrat\u00eb i paralajm\u00ebroi vet\u00eb kryeministri, teksa ishte rrug\u00ebs p\u00ebr n\u00eb Fier, ku theksoi nevoj\u00ebn p\u00ebr energji t\u00eb reja dhe qasje m\u00eb efektive ndaj sfidave urbane.<\/p>\n<p>Kryeministri Edi Rama e nisi aksionin p\u00ebr hap\u00ebsirat publike me Bashkin\u00eb e Vlor\u00ebs, ku largoi 21 drejtor\u00eb dhe iu dha ultimatum bizneseve t\u00eb heqin barrikadat nga trotuaret.<\/p>\n","protected":false},"excerpt":{"rendered":"<p>Aksioni p\u00ebr lirimin e hap\u00ebsirave publike, i nisur nga kryeministri Edi Rama n\u00eb mbar\u00eb vendin, po shkakton t\u00ebrmet n\u00eb disa bashki. Pas Vlor\u00ebs, kryeministri Edi Rama zhvilloi nj\u00eb takim t\u00eb tensionuar dhe me tone t\u00eb ashpra edhe n\u00eb Bashkit\u00eb e Fierit dhe t\u00eb Durr\u00ebsit. Kreu i qeveris\u00eb ka k\u00ebrkuar dor\u00ebheqjen e t\u00eb gjith\u00eb drejtuesve q\u00eb [&hellip;]<\/p>\n","protected":false},"author":5,"featured_media":83547,"comment_status":"closed","ping_status":"closed","sticky":false,"template":"","format":"standard","meta":{"footnotes":""},"categories":[6326,6332,29228],"tags":[37035,37034],"class_list":{"0":"post-89135","1":"post","2":"type-post","3":"status-publish","4":"format-standard","5":"has-post-thumbnail","7":"category-politike","8":"category-te-fundit","9":"category-vendi","10":"tag-pas-vlores-kerkon-shkarkimin-e-gjithe-drejtoreve-ne-bashkite-e-fierit-dhe-durresit","11":"tag-rama-me-sepate-te-madhe"},"_links":{"self":[{"href":"https:\/\/jugulajm.net\/index.php?rest_route=\/wp\/v2\/posts\/89135","targetHints":{"allow":["GET"]}}],"collection":[{"href":"https:\/\/jugulajm.net\/index.php?rest_route=\/wp\/v2\/posts"}],"about":[{"href":"https:\/\/jugulajm.net\/index.php?rest_route=\/wp\/v2\/types\/post"}],"author":[{"embeddable":true,"href":"https:\/\/jugulajm.net\/index.php?rest_route=\/wp\/v2\/users\/5"}],"replies":[{"embeddable":true,"href":"https:\/\/jugulajm.net\/index.php?rest_route=%2Fwp%2Fv2%2Fcomments&post=89135"}],"version-history":[{"count":1,"href":"https:\/\/jugulajm.net\/index.php?rest_route=\/wp\/v2\/posts\/89135\/revisions"}],"predecessor-version":[{"id":89136,"href":"https:\/\/jugulajm.net\/index.php?rest_route=\/wp\/v2\/posts\/89135\/revisions\/89136"}],"wp:featuredmedia":[{"embeddable":true,"href":"https:\/\/jugulajm.net\/index.php?rest_route=\/wp\/v2\/media\/83547"}],"wp:attachment":[{"href":"https:\/\/jugulajm.net\/index.php?rest_route=%2Fwp%2Fv2%2Fmedia&parent=89135"}],"wp:term":[{"taxonomy":"category","embeddable":true,"href":"https:\/\/jugulajm.net\/index.php?rest_route=%2Fwp%2Fv2%2Fcategories&post=89135"},{"taxonomy":"post_tag","embeddable":true,"href":"https:\/\/jugulajm.net\/index.php?rest_route=%2Fwp%2Fv2%2Ftags&post=89135"}],"curies":[{"name":"wp","href":"https:\/\/api.w.org\/{rel}","templated":true}]}}