{"id":89110,"date":"2025-07-07T18:34:09","date_gmt":"2025-07-07T16:34:09","guid":{"rendered":"https:\/\/jugulajm.net\/?p=89110"},"modified":"2025-07-07T18:37:30","modified_gmt":"2025-07-07T16:37:30","slug":"foto-zyra-federale-kriminale-gjermane-dhuron-100-mije-euro-pajisje-per-policine-drejtori-proda-do-permbushin-me-efikasitet-detyrat-funksionale","status":"publish","type":"post","link":"https:\/\/jugulajm.net\/?p=89110","title":{"rendered":"FOTO\/ Zyra Federale Kriminale Gjermane dhuron 100 mij\u00eb euro pajisje p\u00ebr policin\u00eb, Drejtori Proda: Do p\u00ebrmbushin me efikasitet detyrat funksionale"},"content":{"rendered":"<p data-start=\"334\" data-end=\"739\">N\u00eb vijim t\u00eb bashk\u00ebpunimit t\u00eb ngusht\u00eb dhe afatgjat\u00eb mes Shqip\u00ebris\u00eb dhe Gjermanis\u00eb n\u00eb fush\u00ebn e siguris\u00eb, Zyra Federale Kriminale Gjermane (BKA) i ka dhuruar Policis\u00eb s\u00eb Shtetit nj\u00eb donacion me pajisje t\u00eb teknologjis\u00eb s\u00eb lart\u00eb, n\u00eb vler\u00ebn e rreth 100 000 euro pajisje t\u00eb teknologjis\u00eb s\u00eb lart\u00eb (kompjuter\u00eb dhe monitor\u00eb profesional\u00eb) i dhurohen Policis\u00eb s\u00eb Shtetit nga Zyra Federale Kriminale Gjermane (BKA).<\/p>\n<p>Donacioni u p\u00ebrsh\u00ebndet gjat\u00eb nj\u00eb ceremonie t\u00eb organizuar n\u00eb ambientet e Drejtoris\u00eb s\u00eb P\u00ebrgjithshme t\u00eb Policis\u00eb s\u00eb Shtetit, ku mor\u00ebn pjes\u00eb Drejtori i P\u00ebrgjithsh\u00ebm, Drejtues Madhor Ilir Proda, Ambasadori i Republik\u00ebs Federale t\u00eb Gjermanis\u00eb, Sh. T. Z. Karlfried Bergner, drejtues t\u00eb lart\u00eb t\u00eb Policis\u00eb s\u00eb Shtetit dhe p\u00ebrfaq\u00ebsues t\u00eb Ambasad\u00ebs Gjermane.<\/p>\n<p>N\u00eb fjal\u00ebn e tij, Drejtori i P\u00ebrgjithsh\u00ebm Proda fal\u00ebnderoi Ambasadorin dhe BKA-n\u00eb p\u00ebr mb\u00ebshtetjen e vazhdueshme nd\u00ebr vite dhe theksoi se pajisjet e dhuruara do t\u00eb p\u00ebrdoren me p\u00ebrgjegj\u00ebsi t\u00eb plot\u00eb nga strukturat e specializuara, p\u00ebr p\u00ebrmbushjen me efikasitet t\u00eb detyrave funksionale.<\/p>\n<p>Nga ana e tij, Ambasadori Bergner n\u00ebnvizoi r\u00ebnd\u00ebsin\u00eb e bashk\u00ebpunimit t\u00eb ngusht\u00eb mes agjencive ligjzbatuese t\u00eb dy vendeve, n\u00eb p\u00ebrballjen me sfidat e krimit t\u00eb organizuar, si dhe siguroi vazhdimin e mb\u00ebshtetjes p\u00ebr Policin\u00eb shqiptare, p\u00ebrfshir\u00eb asistenc\u00ebn teknologjike dhe logjistike.<\/p>\n<p>Donacioni me vler\u00eb t\u00eb p\u00ebrgjithshme prej rreth 100 000 euro p\u00ebrfshin pajisje t\u00eb teknologjis\u00eb s\u00eb lart\u00eb \u2013 kompjuter\u00eb t\u00eb fuqish\u00ebm dhe monitor\u00eb profesional\u00eb \u2013 t\u00eb cilat do t\u00eb p\u00ebrdoren nga Drejtoria e Inteligjenc\u00ebs dhe Arkiv\u00ebs Kriminale, pran\u00eb Drejtoris\u00eb s\u00eb P\u00ebrgjithshme t\u00eb Policis\u00eb s\u00eb Shtetit.<\/p>\n<p data-start=\"1693\" data-end=\"1885\"><img decoding=\"async\" src=\"https:\/\/faxweb.al\/bashkepunim-i-qendrueshem-shqiperi-gjermani-policia-e-shtetit-pajiset-me-teknologji-te-larte-nga-bka\/whatsapp-image-2025-07-07-at-2-24-14-pm\/\" \/><\/p>\n<p data-start=\"1693\" data-end=\"1885\"><img decoding=\"async\" src=\"https:\/\/faxweb.al\/bashkepunim-i-qendrueshem-shqiperi-gjermani-policia-e-shtetit-pajiset-me-teknologji-te-larte-nga-bka\/whatsapp-image-2025-07-07-at-2-24-15-pm-1\/\" \/><\/p>\n<p data-start=\"1693\" data-end=\"1885\"><img decoding=\"async\" src=\"https:\/\/faxweb.al\/bashkepunim-i-qendrueshem-shqiperi-gjermani-policia-e-shtetit-pajiset-me-teknologji-te-larte-nga-bka\/whatsapp-image-2025-07-07-at-2-24-16-pm-1\/\" \/><\/p>\n<p data-start=\"1693\" data-end=\"1885\">\n","protected":false},"excerpt":{"rendered":"<p>N\u00eb vijim t\u00eb bashk\u00ebpunimit t\u00eb ngusht\u00eb dhe afatgjat\u00eb mes Shqip\u00ebris\u00eb dhe Gjermanis\u00eb n\u00eb fush\u00ebn e siguris\u00eb, Zyra Federale Kriminale Gjermane (BKA) i ka dhuruar Policis\u00eb s\u00eb Shtetit nj\u00eb donacion me pajisje t\u00eb teknologjis\u00eb s\u00eb lart\u00eb, n\u00eb vler\u00ebn e rreth 100 000 euro pajisje t\u00eb teknologjis\u00eb s\u00eb lart\u00eb (kompjuter\u00eb dhe monitor\u00eb profesional\u00eb) i dhurohen Policis\u00eb s\u00eb [&hellip;]<\/p>\n","protected":false},"author":5,"featured_media":89111,"comment_status":"closed","ping_status":"closed","sticky":false,"template":"","format":"standard","meta":{"footnotes":""},"categories":[1,6332,29228],"tags":[37023,37022],"class_list":{"0":"post-89110","1":"post","2":"type-post","3":"status-publish","4":"format-standard","5":"has-post-thumbnail","7":"category-aktualitet","8":"category-te-fundit","9":"category-vendi","10":"tag-drejtori-proda-do-permbushin-me-efikasitet-detyrat-funksionale","11":"tag-foto-zyra-federale-kriminale-gjermane-dhuron-100-mije-euro-pajisje-per-policine"},"_links":{"self":[{"href":"https:\/\/jugulajm.net\/index.php?rest_route=\/wp\/v2\/posts\/89110","targetHints":{"allow":["GET"]}}],"collection":[{"href":"https:\/\/jugulajm.net\/index.php?rest_route=\/wp\/v2\/posts"}],"about":[{"href":"https:\/\/jugulajm.net\/index.php?rest_route=\/wp\/v2\/types\/post"}],"author":[{"embeddable":true,"href":"https:\/\/jugulajm.net\/index.php?rest_route=\/wp\/v2\/users\/5"}],"replies":[{"embeddable":true,"href":"https:\/\/jugulajm.net\/index.php?rest_route=%2Fwp%2Fv2%2Fcomments&post=89110"}],"version-history":[{"count":3,"href":"https:\/\/jugulajm.net\/index.php?rest_route=\/wp\/v2\/posts\/89110\/revisions"}],"predecessor-version":[{"id":89114,"href":"https:\/\/jugulajm.net\/index.php?rest_route=\/wp\/v2\/posts\/89110\/revisions\/89114"}],"wp:featuredmedia":[{"embeddable":true,"href":"https:\/\/jugulajm.net\/index.php?rest_route=\/wp\/v2\/media\/89111"}],"wp:attachment":[{"href":"https:\/\/jugulajm.net\/index.php?rest_route=%2Fwp%2Fv2%2Fmedia&parent=89110"}],"wp:term":[{"taxonomy":"category","embeddable":true,"href":"https:\/\/jugulajm.net\/index.php?rest_route=%2Fwp%2Fv2%2Fcategories&post=89110"},{"taxonomy":"post_tag","embeddable":true,"href":"https:\/\/jugulajm.net\/index.php?rest_route=%2Fwp%2Fv2%2Ftags&post=89110"}],"curies":[{"name":"wp","href":"https:\/\/api.w.org\/{rel}","templated":true}]}}