{"id":89083,"date":"2025-07-06T19:23:14","date_gmt":"2025-07-06T17:23:14","guid":{"rendered":"https:\/\/jugulajm.net\/?p=89083"},"modified":"2025-07-06T19:23:14","modified_gmt":"2025-07-06T17:23:14","slug":"zjarri-ne-finiq-prej-5-ditesh-pritet-avioni-zjarrfikes-nga-greqia","status":"publish","type":"post","link":"https:\/\/jugulajm.net\/?p=89083","title":{"rendered":"Zjarri n\u00eb Finiq prej 5 dit\u00ebsh, pritet avioni zjarrfik\u00ebs nga Greqia"},"content":{"rendered":"<p>Prej pes\u00eb dit\u00ebsh nj\u00eb zjarr i p\u00ebrmasave t\u00eb m\u00ebdha ka p\u00ebrfshir\u00eb nj\u00eb zon\u00eb t\u00eb v\u00ebshtir\u00eb malore mes Mal\u00e7anit dhe Grazhdanit, n\u00eb territorin e Bashkis\u00eb s\u00eb Finiqit.<\/p>\n<p>Situata e v\u00ebshtir\u00eb ka k\u00ebrkuar nd\u00ebrhyrje t\u00eb jasht\u00ebzakonshme nga autoritetet qendrore dhe lokale.<\/p>\n<p>N\u00eb zon\u00eb ka nisur operimin p\u00ebr rreth nj\u00eb or\u00eb e gjysm\u00eb nj\u00eb helikopter i Ministris\u00eb s\u00eb Mbrojtjes, n\u00eb p\u00ebrpjekje p\u00ebr t\u00eb frenuar p\u00ebrhapjen e flak\u00ebve n\u00eb k\u00ebt\u00eb terren t\u00eb ashp\u00ebr dhe t\u00eb paarritsh\u00ebm nga toka.<\/p>\n<p>Operacioni po mb\u00ebshtetet gjithashtu nga forca tok\u00ebsore t\u00eb ardhura nga bashkit\u00eb Konispol, Delvin\u00eb dhe Himar\u00eb, si dhe nga 30 ushtar\u00eb t\u00eb d\u00ebrguar nga Ministria e Mbrojtjes.<\/p>\n<p>Sipas informacioneve m\u00eb t\u00eb fundit, pritet q\u00eb s\u00eb shpejti t\u00eb mb\u00ebrrij\u00eb edhe nj\u00eb avion zjarrfik\u00ebs nga Greqia, i cili do t\u00eb ndihmoj\u00eb n\u00eb shuarjen ajrore t\u00eb flak\u00ebve.<\/p>\n","protected":false},"excerpt":{"rendered":"<p>Prej pes\u00eb dit\u00ebsh nj\u00eb zjarr i p\u00ebrmasave t\u00eb m\u00ebdha ka p\u00ebrfshir\u00eb nj\u00eb zon\u00eb t\u00eb v\u00ebshtir\u00eb malore mes Mal\u00e7anit dhe Grazhdanit, n\u00eb territorin e Bashkis\u00eb s\u00eb Finiqit. Situata e v\u00ebshtir\u00eb ka k\u00ebrkuar nd\u00ebrhyrje t\u00eb jasht\u00ebzakonshme nga autoritetet qendrore dhe lokale. N\u00eb zon\u00eb ka nisur operimin p\u00ebr rreth nj\u00eb or\u00eb e gjysm\u00eb nj\u00eb helikopter i Ministris\u00eb s\u00eb [&hellip;]<\/p>\n","protected":false},"author":5,"featured_media":49625,"comment_status":"closed","ping_status":"closed","sticky":false,"template":"","format":"standard","meta":{"footnotes":""},"categories":[1,6332,29228],"tags":[37012,37011],"class_list":{"0":"post-89083","1":"post","2":"type-post","3":"status-publish","4":"format-standard","5":"has-post-thumbnail","7":"category-aktualitet","8":"category-te-fundit","9":"category-vendi","10":"tag-pritet-avioni-zjarrfikes-nga-greqia","11":"tag-zjarri-ne-finiq-prej-5-ditesh"},"_links":{"self":[{"href":"https:\/\/jugulajm.net\/index.php?rest_route=\/wp\/v2\/posts\/89083","targetHints":{"allow":["GET"]}}],"collection":[{"href":"https:\/\/jugulajm.net\/index.php?rest_route=\/wp\/v2\/posts"}],"about":[{"href":"https:\/\/jugulajm.net\/index.php?rest_route=\/wp\/v2\/types\/post"}],"author":[{"embeddable":true,"href":"https:\/\/jugulajm.net\/index.php?rest_route=\/wp\/v2\/users\/5"}],"replies":[{"embeddable":true,"href":"https:\/\/jugulajm.net\/index.php?rest_route=%2Fwp%2Fv2%2Fcomments&post=89083"}],"version-history":[{"count":1,"href":"https:\/\/jugulajm.net\/index.php?rest_route=\/wp\/v2\/posts\/89083\/revisions"}],"predecessor-version":[{"id":89084,"href":"https:\/\/jugulajm.net\/index.php?rest_route=\/wp\/v2\/posts\/89083\/revisions\/89084"}],"wp:featuredmedia":[{"embeddable":true,"href":"https:\/\/jugulajm.net\/index.php?rest_route=\/wp\/v2\/media\/49625"}],"wp:attachment":[{"href":"https:\/\/jugulajm.net\/index.php?rest_route=%2Fwp%2Fv2%2Fmedia&parent=89083"}],"wp:term":[{"taxonomy":"category","embeddable":true,"href":"https:\/\/jugulajm.net\/index.php?rest_route=%2Fwp%2Fv2%2Fcategories&post=89083"},{"taxonomy":"post_tag","embeddable":true,"href":"https:\/\/jugulajm.net\/index.php?rest_route=%2Fwp%2Fv2%2Ftags&post=89083"}],"curies":[{"name":"wp","href":"https:\/\/api.w.org\/{rel}","templated":true}]}}