{"id":89076,"date":"2025-07-06T15:35:49","date_gmt":"2025-07-06T13:35:49","guid":{"rendered":"https:\/\/jugulajm.net\/?p=89076"},"modified":"2025-07-06T15:38:09","modified_gmt":"2025-07-06T13:38:09","slug":"foto-ministri-i-brendshem-ervin-hoxha-ne-terren-per-lirimin-e-hapesirave-publike","status":"publish","type":"post","link":"https:\/\/jugulajm.net\/?p=89076","title":{"rendered":"FOTO\/ Ministri i Brendsh\u00ebm, Ervin Hoxha, n\u00eb terren p\u00ebr lirimin e hap\u00ebsirave publike"},"content":{"rendered":"<p>Ministri i Brendsh\u00ebm, Ervin Hoxha, s\u00eb bashku me drejtuesit e IMT-s\u00eb, Policis\u00eb Bashkiake, strukturat e tyre dhe Policin\u00eb e Shtetit ishin n\u00eb disa zona ky\u00e7e dhe t\u00eb populluara n\u00eb kryeqytet, si Bulevardi \u201cZogu i Par\u00eb\u201d, Pazari i Ri, zona pas Muzeut Komb\u00ebtar dhe nj\u00eb kompleks pran\u00eb zon\u00ebs s\u00eb njohur si \u201921 Dhjetori\u2019.<\/p>\n<p>Kjo n\u00eb kuad\u00ebr t\u00eb aksionit komb\u00ebtar p\u00ebr rikthimin e trotuareve, shesheve dhe hap\u00ebsirave publike, jo vet\u00ebm n\u00eb qend\u00ebr por kudo, tek dhe p\u00ebr qytetar\u00ebt.<\/p>\n<p>\u201cAsnj\u00eb subjekt nuk ka t\u00eb drejt\u00eb t\u00eb pushtoj\u00eb hap\u00ebsira n\u00eb kurriz t\u00eb komunitetit. Strukturat do t\u00eb vijojn\u00eb me vendosm\u00ebri n\u00eb zbatimin e ligjit dhe mbrojtjen e interesit publik.<\/p>\n<p>Apeli im shkon p\u00ebr \u00e7do subjekt n\u00eb shkelje, q\u00eb t\u00eb liroj\u00eb shpejt e vullnetarisht hap\u00ebsirat e z\u00ebna, duke kontribuar p\u00ebr nj\u00eb qytet m\u00eb t\u00eb past\u00ebr, m\u00eb t\u00eb sigurt dhe t\u00eb aksesuesh\u00ebm nga t\u00eb gjith\u00eb\u201d, tha ministri Hoxha.<\/p>\n<div id=\"beacon_f8c8afec8f\"><img loading=\"lazy\" loading=\"lazy\" decoding=\"async\" src=\"https:\/\/ads.balkanweb.com\/www\/delivery\/lg.php?bannerid=0&amp;campaignid=0&amp;zoneid=629&amp;loc=https%3A%2F%2Fwww.balkanweb.com%2Fpas-vlores-aksion-dhe-ne-tirane-per-lirimin-e-hapesirave-publike-ministri-hoxha-dhe-strukturat-pergjegjese-zbresin-ne-terren%2F%23gsc.tab%3D0&amp;referer=https%3A%2F%2Fl.facebook.com%2F&amp;cb=f8c8afec8f\" alt=\"\" width=\"0\" height=\"0\" \/>Reagimet e para pozitive nga vet\u00eb subjektet nuk kan\u00eb munguar. Shum\u00eb subjekte kan\u00eb nisur sot t\u00eb \u00e7montonin strukturat e lokaleve, q\u00eb kan\u00eb n\u00eb shkelje.<\/div>\n<p>\u201cFal\u00ebnderim p\u00ebr strukturat, q\u00eb pavar\u00ebsisht temperaturave t\u00eb larta jan\u00eb n\u00eb terren, e mbi t\u00eb gjitha p\u00ebr qytetar\u00ebt q\u00eb mb\u00ebshtesin k\u00ebt\u00eb p\u00ebrpjekje p\u00ebr rregull e bashk\u00ebjetes\u00eb\u201d, shkruan ministri i Brendsh\u00ebm n\u00eb nj\u00eb postim n\u00eb rrjetet sociale.<\/p>\n","protected":false},"excerpt":{"rendered":"<p>Ministri i Brendsh\u00ebm, Ervin Hoxha, s\u00eb bashku me drejtuesit e IMT-s\u00eb, Policis\u00eb Bashkiake, strukturat e tyre dhe Policin\u00eb e Shtetit ishin n\u00eb disa zona ky\u00e7e dhe t\u00eb populluara n\u00eb kryeqytet, si Bulevardi \u201cZogu i Par\u00eb\u201d, Pazari i Ri, zona pas Muzeut Komb\u00ebtar dhe nj\u00eb kompleks pran\u00eb zon\u00ebs s\u00eb njohur si \u201921 Dhjetori\u2019. Kjo n\u00eb kuad\u00ebr [&hellip;]<\/p>\n","protected":false},"author":5,"featured_media":89077,"comment_status":"closed","ping_status":"closed","sticky":false,"template":"","format":"standard","meta":{"footnotes":""},"categories":[1,6332,29228],"tags":[37009,37008,37010],"class_list":{"0":"post-89076","1":"post","2":"type-post","3":"status-publish","4":"format-standard","5":"has-post-thumbnail","7":"category-aktualitet","8":"category-te-fundit","9":"category-vendi","10":"tag-ervin-hoxha","11":"tag-foto-ministri-i-brendshem","12":"tag-ne-terren-per-lirimin-e-hapesirave-publike"},"_links":{"self":[{"href":"https:\/\/jugulajm.net\/index.php?rest_route=\/wp\/v2\/posts\/89076","targetHints":{"allow":["GET"]}}],"collection":[{"href":"https:\/\/jugulajm.net\/index.php?rest_route=\/wp\/v2\/posts"}],"about":[{"href":"https:\/\/jugulajm.net\/index.php?rest_route=\/wp\/v2\/types\/post"}],"author":[{"embeddable":true,"href":"https:\/\/jugulajm.net\/index.php?rest_route=\/wp\/v2\/users\/5"}],"replies":[{"embeddable":true,"href":"https:\/\/jugulajm.net\/index.php?rest_route=%2Fwp%2Fv2%2Fcomments&post=89076"}],"version-history":[{"count":2,"href":"https:\/\/jugulajm.net\/index.php?rest_route=\/wp\/v2\/posts\/89076\/revisions"}],"predecessor-version":[{"id":89079,"href":"https:\/\/jugulajm.net\/index.php?rest_route=\/wp\/v2\/posts\/89076\/revisions\/89079"}],"wp:featuredmedia":[{"embeddable":true,"href":"https:\/\/jugulajm.net\/index.php?rest_route=\/wp\/v2\/media\/89077"}],"wp:attachment":[{"href":"https:\/\/jugulajm.net\/index.php?rest_route=%2Fwp%2Fv2%2Fmedia&parent=89076"}],"wp:term":[{"taxonomy":"category","embeddable":true,"href":"https:\/\/jugulajm.net\/index.php?rest_route=%2Fwp%2Fv2%2Fcategories&post=89076"},{"taxonomy":"post_tag","embeddable":true,"href":"https:\/\/jugulajm.net\/index.php?rest_route=%2Fwp%2Fv2%2Ftags&post=89076"}],"curies":[{"name":"wp","href":"https:\/\/api.w.org\/{rel}","templated":true}]}}