{"id":89060,"date":"2025-07-06T09:53:19","date_gmt":"2025-07-06T07:53:19","guid":{"rendered":"https:\/\/jugulajm.net\/?p=89060"},"modified":"2025-07-06T09:53:19","modified_gmt":"2025-07-06T07:53:19","slug":"emri-kapet-ne-kufi-shqiptari-34-vjecar-i-denuar-me-burg-per-trafik-droge-ne-zvicer","status":"publish","type":"post","link":"https:\/\/jugulajm.net\/?p=89060","title":{"rendered":"EMRI\/Kapet n\u00eb kufi shqiptari 34-vje\u00e7ar, i d\u00ebnuar me burg p\u00ebr trafik droge n\u00eb Zvic\u00ebr"},"content":{"rendered":"<p>Nj\u00eb 34-vje\u00e7ar i shpallur n\u00eb k\u00ebrkim nd\u00ebrkomb\u00ebtar \u00ebsht\u00eb arrestuar n\u00eb kufirin shqiptar.<\/p>\n<p>Alija Arslan, banues n\u00eb K\u00ebr\u00e7ov\u00eb t\u00eb Maqedonis\u00eb s\u00eb Veriut, rezulton i d\u00ebnuar me 20 vite burg p\u00ebr trafik nd\u00ebrkomb\u00ebtar droge.<\/p>\n<p>Nga verifikimet e kryera n\u00eb bashk\u00ebpunim me Interpol Tiran\u00ebn, rezultoi se 34-vje\u00e7ari ishte i shpallur n\u00eb k\u00ebrkim nd\u00ebrkomb\u00ebtar nga Interpol Bern\/Zvic\u00ebr, n\u00eb zbatim t\u00eb nj\u00eb urdhri t\u00eb l\u00ebshuar nga Zyra e Prokurorit Publik t\u00eb Kantonit Argau.<\/p>\n<p>34-vje\u00e7ari \u00ebsht\u00eb i d\u00ebnuar me 20 vjet burg, p\u00ebr vepra penale t\u00eb lidhura me trafikimin nd\u00ebrkomb\u00ebtar t\u00eb narkotik\u00ebve, t\u00eb parashikuara nga neni 19 i Aktit mbi Narkotik\u00ebt dhe Substancat Psikotrope t\u00eb Kodit Penal Zvicerian.<\/p>\n<p>Interpol Tirana, n\u00eb bashk\u00ebpunim me Interpol Bern\/Zvic\u00ebr, vijojn\u00eb veprimet p\u00ebr ekstradimin e tij drejt Zvicr\u00ebs.<\/p>\n","protected":false},"excerpt":{"rendered":"<p>Nj\u00eb 34-vje\u00e7ar i shpallur n\u00eb k\u00ebrkim nd\u00ebrkomb\u00ebtar \u00ebsht\u00eb arrestuar n\u00eb kufirin shqiptar. Alija Arslan, banues n\u00eb K\u00ebr\u00e7ov\u00eb t\u00eb Maqedonis\u00eb s\u00eb Veriut, rezulton i d\u00ebnuar me 20 vite burg p\u00ebr trafik nd\u00ebrkomb\u00ebtar droge. Nga verifikimet e kryera n\u00eb bashk\u00ebpunim me Interpol Tiran\u00ebn, rezultoi se 34-vje\u00e7ari ishte i shpallur n\u00eb k\u00ebrkim nd\u00ebrkomb\u00ebtar nga Interpol Bern\/Zvic\u00ebr, n\u00eb zbatim [&hellip;]<\/p>\n","protected":false},"author":5,"featured_media":69712,"comment_status":"closed","ping_status":"closed","sticky":false,"template":"","format":"standard","meta":{"footnotes":""},"categories":[1,6332,29228],"tags":[36998,36999],"class_list":{"0":"post-89060","1":"post","2":"type-post","3":"status-publish","4":"format-standard","5":"has-post-thumbnail","7":"category-aktualitet","8":"category-te-fundit","9":"category-vendi","10":"tag-emri-kapet-ne-kufi-shqiptari-34-vjecar","11":"tag-i-denuar-me-burg-per-trafik-droge-ne-zvicer"},"_links":{"self":[{"href":"https:\/\/jugulajm.net\/index.php?rest_route=\/wp\/v2\/posts\/89060","targetHints":{"allow":["GET"]}}],"collection":[{"href":"https:\/\/jugulajm.net\/index.php?rest_route=\/wp\/v2\/posts"}],"about":[{"href":"https:\/\/jugulajm.net\/index.php?rest_route=\/wp\/v2\/types\/post"}],"author":[{"embeddable":true,"href":"https:\/\/jugulajm.net\/index.php?rest_route=\/wp\/v2\/users\/5"}],"replies":[{"embeddable":true,"href":"https:\/\/jugulajm.net\/index.php?rest_route=%2Fwp%2Fv2%2Fcomments&post=89060"}],"version-history":[{"count":1,"href":"https:\/\/jugulajm.net\/index.php?rest_route=\/wp\/v2\/posts\/89060\/revisions"}],"predecessor-version":[{"id":89061,"href":"https:\/\/jugulajm.net\/index.php?rest_route=\/wp\/v2\/posts\/89060\/revisions\/89061"}],"wp:featuredmedia":[{"embeddable":true,"href":"https:\/\/jugulajm.net\/index.php?rest_route=\/wp\/v2\/media\/69712"}],"wp:attachment":[{"href":"https:\/\/jugulajm.net\/index.php?rest_route=%2Fwp%2Fv2%2Fmedia&parent=89060"}],"wp:term":[{"taxonomy":"category","embeddable":true,"href":"https:\/\/jugulajm.net\/index.php?rest_route=%2Fwp%2Fv2%2Fcategories&post=89060"},{"taxonomy":"post_tag","embeddable":true,"href":"https:\/\/jugulajm.net\/index.php?rest_route=%2Fwp%2Fv2%2Ftags&post=89060"}],"curies":[{"name":"wp","href":"https:\/\/api.w.org\/{rel}","templated":true}]}}