{"id":88992,"date":"2025-07-04T17:46:51","date_gmt":"2025-07-04T15:46:51","guid":{"rendered":"https:\/\/jugulajm.net\/?p=88992"},"modified":"2025-07-04T17:46:51","modified_gmt":"2025-07-04T15:46:51","slug":"eshte-koha-e-pergjegjesise-dhe-merites-ne-administrate","status":"publish","type":"post","link":"https:\/\/jugulajm.net\/?p=88992","title":{"rendered":"\u00cbsht\u00eb koha e p\u00ebrgjegj\u00ebsis\u00eb dhe merit\u00ebs n\u00eb administrat\u00eb&#8230;"},"content":{"rendered":"<p>Nga Fejzo Subashi<\/p>\n<p>Jam nd\u00ebr ata njer\u00ebz t\u00eb medias q\u00eb prej fillimit i kam dh\u00ebn\u00eb mb\u00ebshtetje masave radikale t\u00eb Kryeministrit Rama, kur k\u00ebto masa kan\u00eb synuar p\u00ebrmir\u00ebsimin e pun\u00ebs s\u00eb institucioneve dhe respektimin e nevojave reale t\u00eb komunitetit dhe qytetar\u00ebve. N\u00eb momentin q\u00eb ai mori p\u00ebr her\u00eb t\u00eb par\u00eb drejtimin e qeveris\u00eb, i jam drejtuar publikisht me nj\u00eb thirrje: Le t\u00eb vendos\u00eb ministra sipas bindjes dhe d\u00ebshir\u00ebs s\u00eb tij me t\u00eb cil\u00ebt e krijon frym\u00ebn e mir\u00ebkuptimit dhe bashk\u00ebpunimit me leht\u00ebsi, por drejtor\u00ebt duhet t\u00eb jen\u00eb nd\u00ebr m\u00eb t\u00eb mir\u00ebt, m\u00eb t\u00eb p\u00ebrgatiturit profesionalisht dhe m\u00eb t\u00eb ndershmit. Sepse pik\u00ebrisht ata jan\u00eb pika e kontaktit me qytetarin dhe garancia p\u00ebr funksionimin e sh\u00ebrbimeve baz\u00eb. Ata jan\u00eb pasqyra dhe puna konkrete e nj\u00eb qeverie. Puna dhe sjellja e tyre \u00ebsht\u00eb realiteti i kontributit t\u00eb nj\u00eb qeverie, ku pa k\u00ebt\u00eb rol dhe kontribut nuk kan\u00eb vler\u00eb as ligjet, as vendimet.<\/p>\n<p>\u00cbsht\u00eb tejkaluar koha kur postet n\u00eb administrat\u00eb shp\u00ebrndahen si shp\u00ebrblim p\u00ebr militantizmin, si \u201cracion partie\u201d p\u00ebr ata q\u00eb kan\u00eb b\u00ebr\u00eb fushat\u00eb apo kan\u00eb mbajtur flamurin. Koha e \u201cushqimit politik\u201d duhet t\u00eb marr\u00eb fund. Shum\u00eb nga k\u00ebta t\u00eb em\u00ebruar, jo vet\u00ebm, kan\u00eb r\u00ebn\u00eb shum\u00eb m\u00eb posht\u00eb nivelit t\u00eb nj\u00eb specialisti mesatar, por kan\u00eb sjell\u00eb fenomene dhe risi q\u00eb prishin imazhin e gjith\u00eb institucionit, me pa aft\u00ebsin\u00eb, apo me fenomenet e veprimet korruptive. Ata nuk e shfryt\u00ebzuan mund\u00ebsin\u00eb q\u00eb iu dha nga partia dhe nga vet\u00eb Rama p\u00ebr t\u00eb treguar veten, por u mbyll\u00ebn n\u00eb zyr\u00eb, n\u00eb vet\u00ebk\u00ebnaq\u00ebsi dhe arroganc\u00eb. Me t\u00eb marr\u00eb postin, harruan gjith\u00e7ka tjet\u00ebr: komunitetin, sh\u00ebrbimin, p\u00ebrgjegj\u00ebsin\u00eb.<\/p>\n<p>M\u00eb keq akoma, shum\u00eb prej tyre sillen sot si dikur kryetar\u00ebt e kooperativave ose bajraktar\u00ebt lokal\u00eb: autoritar\u00eb, t\u00eb pakorrigjuesh\u00ebm, t\u00eb shk\u00ebputur nga realiteti dhe plot\u00ebsisht t\u00eb painteresuarm p\u00ebr qytetarin. Ata harrojn\u00eb se n\u00eb vart\u00ebsin\u00eb e tyre mund t\u00eb ken\u00eb specialist\u00eb shum\u00eb m\u00eb t\u00eb kualifikuar, m\u00eb t\u00eb arsimuar dhe m\u00eb t\u00eb nd\u00ebrgjegjsh\u00ebm p\u00ebr rolin e shtetit.<\/p>\n<p>Ky \u00ebsht\u00eb problemi i thell\u00eb i administrat\u00ebs shqiptare: nuk vendosin t\u00eb mir\u00ebt, por t\u00eb p\u00ebrk\u00ebdhelurit, servil\u00ebt, t\u00eb pa aft\u00ebt. Dhe kur k\u00ebta nuk i p\u00ebrgjigjen m\u00eb nevoj\u00ebs s\u00eb publikut, nuk mbajn\u00eb m\u00eb kontakt me realitetin, nuk reagojn\u00eb ndaj problemeve elementare si mungesa e ujit apo sh\u00ebrbimeve, at\u00ebher\u00eb qytetari mbetet i pambrojtur. Madje ndodh q\u00eb i nj\u00ebjti qytetar q\u00eb i paguan me taksat e tij, duhet t\u00eb sorollatet zyrave p\u00ebr t\u00eb marr\u00eb nj\u00eb t\u00eb drejt\u00eb t\u00eb thjesht\u00eb, nd\u00ebrkoh\u00eb q\u00eb k\u00ebta &#8220;drejtor\u00eb&#8221; vazhdojn\u00eb t\u00eb sillen si pronar\u00eb t\u00eb shtetit.<\/p>\n<p>N\u00eb k\u00ebt\u00eb kontekst, vendimi i Kryeministrit Rama p\u00ebr t\u00eb nd\u00ebrhyr\u00eb dhe k\u00ebrkuar shkarkimin e disa drejtor\u00ebve t\u00eb bashkis\u00eb s\u00eb Vlor\u00ebs, nuk \u00ebsht\u00eb vet\u00ebm i drejt\u00eb, por \u00ebsht\u00eb i domosdosh\u00ebm. Dhe i vonuar. Ka nga ata q\u00eb thon\u00eb se \u201cnuk \u00ebsht\u00eb kompetenca e tij\u201d, se \u201cpushteti lokal \u00ebsht\u00eb i pavarur\u201d. Por a mund t\u00eb hesht\u00eb nj\u00eb Kryeminist\u00ebr p\u00ebrball\u00eb abuzimit, paaft\u00ebsis\u00eb dhe p\u00ebr\u00e7mimit t\u00eb qytetarit, vet\u00ebm sepse kompetencat jan\u00eb ndar\u00eb n\u00eb let\u00ebr?<\/p>\n<p>N\u00eb k\u00ebt\u00eb pik\u00eb, nuk \u00ebsht\u00eb m\u00eb \u00e7\u00ebshtje teknike apo kushtetuese. \u00cbsht\u00eb \u00e7\u00ebshtje morali dhe drejt\u00ebsie. Sepse partia n\u00eb pushtet nuk ka nj\u00eb kontrat\u00eb me drejtor\u00ebt e saj, as me kryetar\u00ebt q\u00eb i ngjiten Ram\u00ebs p\u00ebr karrier\u00eb personale. Kontrata e Partis\u00eb Socialiste dhe e Kryeministrit \u00ebsht\u00eb me qytetarin shqiptar. Dhe vet\u00ebm ai duhet t\u00eb jet\u00eb mas\u00eb mat\u00ebse dhe kriter vendimmarrjeje. Jo klanet, jo strukturat, jo heshtja.<\/p>\n<p>Vet\u00ebkorrigjimi \u00ebsht\u00eb shum\u00eb m\u00eb i vlefsh\u00ebm se k\u00ebmb\u00ebngulja n\u00eb gabim. Dhe ky reflektim duhet t\u00eb jet\u00eb shembull p\u00ebr t\u00eb gjith\u00eb nivelet e administrat\u00ebs. Nuk mund t\u00eb vazhdojm\u00eb t\u00eb justifikojm\u00eb paaft\u00ebsin\u00eb me fjal\u00ebn \u201c\u00ebsht\u00eb i joni\u201d. Nuk mund t\u00eb heshtim p\u00ebrball\u00eb t\u00eb keqes vet\u00ebm se \u201cdikur ishin kund\u00ebrshtar\u00eb dhe tani jan\u00eb me ne\u201d.<\/p>\n<p>Un\u00eb e p\u00ebrkrah k\u00ebt\u00eb sjellje t\u00eb re t\u00eb Kryeministrit Rama edhe n\u00ebse ka natyr\u00eb radikale, si qytetar, si nj\u00ebri i medias, si z\u00eb kritik i p\u00ebrgjegjsh\u00ebm, sepse nuk ka m\u00eb vend p\u00ebr asnjan\u00ebsi apo frik\u00eb nga p\u00ebrplasja me strukturat. Administrata nuk \u00ebsht\u00eb pron\u00eb partie, apo t\u00eb vazhdoj thjesht\u00eb si e partis\u00eb, por mjet i sh\u00ebrbimit publik. Dhe reforma e v\u00ebrtet\u00eb fillon nga spastrimi i mediokritetit dhe rikthimi i besimit te merita, p\u00ebrkushtimi dhe profesionalizmi. Nuk besoj se do i vij ndonj\u00eb e keqe klas\u00ebs politike, apo armat\u00ebs s\u00eb partive opozitare, aq m\u00eb pak partis\u00eb Socialiste, n\u00ebse qeveria, apo Kryeminstri Rama merr serizisht q\u00eb administrata e \u00e7do niveli t\u00eb ngrihet n\u00eb lart\u00ebsin\u00eb q\u00eb duhet dhe kemi nevoj\u00eb. Nuk besoj se u prishet pun\u00eb kritik\u00ebve t\u00eb Ram\u00ebs n\u00ebse n\u00eb drejtues vendos\u00ebn t\u00eb aft\u00ebt, profesionist\u00ebt dhe ata q\u00eb kan\u00eb kultur\u00eb dhe p\u00ebrgjegjshm\u00ebri qytetare. Nuk besoj se i bie reputacioni PS- s\u00eb, se Rama m\u00eb shum\u00eb i p\u00ebrkushtohet rolit dhe p\u00ebrgjegj\u00ebsis\u00eb q\u00eb ka ndaj qytetarit dhe vendit, sesa nj\u00eb kryetari partie, apo bashkie&#8230;<br \/>\nKa ardhur koha q\u00eb administrata t\u00eb jet\u00eb n\u00eb dor\u00eb t\u00eb njer\u00ebzve q\u00eb m\u00eb shum\u00eb kan\u00eb derdhur djers\u00eb e kan sakrifikuar n\u00ebp\u00ebr auditor, jo p\u00ebr ata q\u00eb kan\u00eb bler\u00eb nj\u00eb diplom\u00eb dhe m\u00eb shum\u00eb kan bredhur mbas flamurit t\u00eb partis\u00eb dhe konkurrentit t\u00eb nj\u00eb force plitike. \u00cbsht\u00eb momenti q\u00eb specialisti t\u00eb vler\u00ebsohet nga vlerat , sjellja dhe qytetaria, jo vet\u00ebm dhe thjesht\u00eb nga detyrimi i partis\u00eb dhe p\u00ebr partin\u00eb.<\/p>\n","protected":false},"excerpt":{"rendered":"<p>Nga Fejzo Subashi Jam nd\u00ebr ata njer\u00ebz t\u00eb medias q\u00eb prej fillimit i kam dh\u00ebn\u00eb mb\u00ebshtetje masave radikale t\u00eb Kryeministrit Rama, kur k\u00ebto masa kan\u00eb synuar p\u00ebrmir\u00ebsimin e pun\u00ebs s\u00eb institucioneve dhe respektimin e nevojave reale t\u00eb komunitetit dhe qytetar\u00ebve. N\u00eb momentin q\u00eb ai mori p\u00ebr her\u00eb t\u00eb par\u00eb drejtimin e qeveris\u00eb, i jam drejtuar [&hellip;]<\/p>\n","protected":false},"author":5,"featured_media":87273,"comment_status":"closed","ping_status":"closed","sticky":false,"template":"","format":"standard","meta":{"footnotes":""},"categories":[34865,6332,29228],"tags":[36970],"class_list":{"0":"post-88992","1":"post","2":"type-post","3":"status-publish","4":"format-standard","5":"has-post-thumbnail","7":"category-analiza","8":"category-te-fundit","9":"category-vendi","10":"tag-eshte-koha-e-pergjegjesise-dhe-merites-ne-administrate"},"_links":{"self":[{"href":"https:\/\/jugulajm.net\/index.php?rest_route=\/wp\/v2\/posts\/88992","targetHints":{"allow":["GET"]}}],"collection":[{"href":"https:\/\/jugulajm.net\/index.php?rest_route=\/wp\/v2\/posts"}],"about":[{"href":"https:\/\/jugulajm.net\/index.php?rest_route=\/wp\/v2\/types\/post"}],"author":[{"embeddable":true,"href":"https:\/\/jugulajm.net\/index.php?rest_route=\/wp\/v2\/users\/5"}],"replies":[{"embeddable":true,"href":"https:\/\/jugulajm.net\/index.php?rest_route=%2Fwp%2Fv2%2Fcomments&post=88992"}],"version-history":[{"count":1,"href":"https:\/\/jugulajm.net\/index.php?rest_route=\/wp\/v2\/posts\/88992\/revisions"}],"predecessor-version":[{"id":88993,"href":"https:\/\/jugulajm.net\/index.php?rest_route=\/wp\/v2\/posts\/88992\/revisions\/88993"}],"wp:featuredmedia":[{"embeddable":true,"href":"https:\/\/jugulajm.net\/index.php?rest_route=\/wp\/v2\/media\/87273"}],"wp:attachment":[{"href":"https:\/\/jugulajm.net\/index.php?rest_route=%2Fwp%2Fv2%2Fmedia&parent=88992"}],"wp:term":[{"taxonomy":"category","embeddable":true,"href":"https:\/\/jugulajm.net\/index.php?rest_route=%2Fwp%2Fv2%2Fcategories&post=88992"},{"taxonomy":"post_tag","embeddable":true,"href":"https:\/\/jugulajm.net\/index.php?rest_route=%2Fwp%2Fv2%2Ftags&post=88992"}],"curies":[{"name":"wp","href":"https:\/\/api.w.org\/{rel}","templated":true}]}}