{"id":88915,"date":"2025-07-02T11:37:01","date_gmt":"2025-07-02T09:37:01","guid":{"rendered":"https:\/\/jugulajm.net\/?p=88915"},"modified":"2025-07-02T11:37:01","modified_gmt":"2025-07-02T09:37:01","slug":"emri-prangoset-45-vjecari-ishte-ne-kerkim-per-vrasje-ne-itali","status":"publish","type":"post","link":"https:\/\/jugulajm.net\/?p=88915","title":{"rendered":"EMRI\/ Prangoset 45-vje\u00e7ari, ishte n\u00eb k\u00ebrkim p\u00ebr vrasje n\u00eb Itali"},"content":{"rendered":"<p>Nj\u00eb 45-vje\u00e7ar i d\u00ebnuar nga autoritetet italiane me 12 vjet e 10 muaj burgim, p\u00ebr veprat penale \u201cVrasje\u201d dhe \u201cMbajtja pa leje e arm\u00ebve\u201d \u00ebsht\u00eb arrestuar n\u00eb Vlor\u00eb.<\/p>\n<div class=\"insertion-box\">\n<div class=\"inset\">\n<div class=\"reklame\"><\/div>\n<\/div>\n<\/div>\n<p><strong>Njoftimi i policise:<\/strong><\/p>\n<p>DVP Vlor\u00eb\/Finalizohet operacioni policor i koduar \u201cIl Obiettivo\u201d, p\u00ebr kapjen e nj\u00eb shtetasi t\u00eb shpallur n\u00eb k\u00ebrkim nd\u00ebrkomb\u00ebtar, p\u00ebr llogari t\u00eb Italis\u00eb.<\/p>\n<p>I d\u00ebnuar nga autoritetet italiane me 12 vjet e 10 muaj burgim, p\u00ebr veprat penale \u201cVrasje\u201d dhe \u201cMbajtja pa leje e arm\u00ebve\u201d, lokalizohet dhe vihet ne pranga 45-vje\u00e7ari, i shpallur n\u00eb k\u00ebrkim nd\u00ebrkomb\u00ebtar, me q\u00ebllim ekstradimi drejt Italis\u00eb.<\/p>\n<p>Strukturat e Sektorit p\u00ebr Hetimin e Krimeve t\u00eb R\u00ebnda, n\u00eb bashk\u00ebpunim me Seksionin Operacional n\u00eb DVP Vlor\u00eb, n\u00eb vijim t\u00eb pun\u00ebs p\u00ebr lokalizimin dhe kapjen e shtetasve t\u00eb shpallur n\u00eb k\u00ebrkim nd\u00ebrkomb\u00ebtar, bazuar n\u00eb informacionet e siguruara si dhe n\u00eb bashk\u00ebpunim me zyrat homologe t\u00eb Interpolit, organizuan dhe finalizuan operacionin policor t\u00eb koduar \u201cIl Obiettivo\u201d.<\/p>\n<p>Si rezultat, dit\u00ebn e djeshme, n\u00eb lagjen \u201cRilindja\u201d, u b\u00eb kapja dhe arrestimi provizor, me q\u00ebllim ekstradimi drejt Italis\u00eb, i shtetasit:<\/p>\n<p>Renald Gjini, 45 vje\u00e7, banues n\u00eb Vlor\u00eb.<\/p>\n<p>Ky shtetas ishte i shpallur n\u00eb k\u00ebrkim nd\u00ebrkomb\u00ebtar, pasi Gjykata e Apelit Bolonja, Itali, e ka d\u00ebnuar k\u00ebt\u00eb shtetas me 12 vjet e 10 muaj burg, p\u00ebr veprat penale \u201cVrasje\u201d dhe \u201cMbajtja pa leje e arm\u00ebve\u201d, sipas legjislacionit penal italian.<\/p>\n<p>Interpol Tirana dhe Interpol Roma jan\u00eb n\u00eb bashk\u00ebpunim t\u00eb ngusht\u00eb p\u00ebr procedurat e m\u00ebtejshme t\u00eb ekstradimit.<\/p>\n","protected":false},"excerpt":{"rendered":"<p>Nj\u00eb 45-vje\u00e7ar i d\u00ebnuar nga autoritetet italiane me 12 vjet e 10 muaj burgim, p\u00ebr veprat penale \u201cVrasje\u201d dhe \u201cMbajtja pa leje e arm\u00ebve\u201d \u00ebsht\u00eb arrestuar n\u00eb Vlor\u00eb. Njoftimi i policise: DVP Vlor\u00eb\/Finalizohet operacioni policor i koduar \u201cIl Obiettivo\u201d, p\u00ebr kapjen e nj\u00eb shtetasi t\u00eb shpallur n\u00eb k\u00ebrkim nd\u00ebrkomb\u00ebtar, p\u00ebr llogari t\u00eb Italis\u00eb. I d\u00ebnuar [&hellip;]<\/p>\n","protected":false},"author":5,"featured_media":56323,"comment_status":"closed","ping_status":"closed","sticky":false,"template":"","format":"standard","meta":{"footnotes":""},"categories":[1,6332],"tags":[36933,36934],"class_list":{"0":"post-88915","1":"post","2":"type-post","3":"status-publish","4":"format-standard","5":"has-post-thumbnail","7":"category-aktualitet","8":"category-te-fundit","9":"tag-emri-prangoset-45-vjecari","10":"tag-ishte-ne-kerkim-per-vrasje-ne-itali"},"_links":{"self":[{"href":"https:\/\/jugulajm.net\/index.php?rest_route=\/wp\/v2\/posts\/88915","targetHints":{"allow":["GET"]}}],"collection":[{"href":"https:\/\/jugulajm.net\/index.php?rest_route=\/wp\/v2\/posts"}],"about":[{"href":"https:\/\/jugulajm.net\/index.php?rest_route=\/wp\/v2\/types\/post"}],"author":[{"embeddable":true,"href":"https:\/\/jugulajm.net\/index.php?rest_route=\/wp\/v2\/users\/5"}],"replies":[{"embeddable":true,"href":"https:\/\/jugulajm.net\/index.php?rest_route=%2Fwp%2Fv2%2Fcomments&post=88915"}],"version-history":[{"count":1,"href":"https:\/\/jugulajm.net\/index.php?rest_route=\/wp\/v2\/posts\/88915\/revisions"}],"predecessor-version":[{"id":88916,"href":"https:\/\/jugulajm.net\/index.php?rest_route=\/wp\/v2\/posts\/88915\/revisions\/88916"}],"wp:featuredmedia":[{"embeddable":true,"href":"https:\/\/jugulajm.net\/index.php?rest_route=\/wp\/v2\/media\/56323"}],"wp:attachment":[{"href":"https:\/\/jugulajm.net\/index.php?rest_route=%2Fwp%2Fv2%2Fmedia&parent=88915"}],"wp:term":[{"taxonomy":"category","embeddable":true,"href":"https:\/\/jugulajm.net\/index.php?rest_route=%2Fwp%2Fv2%2Fcategories&post=88915"},{"taxonomy":"post_tag","embeddable":true,"href":"https:\/\/jugulajm.net\/index.php?rest_route=%2Fwp%2Fv2%2Ftags&post=88915"}],"curies":[{"name":"wp","href":"https:\/\/api.w.org\/{rel}","templated":true}]}}