{"id":88910,"date":"2025-07-02T09:49:21","date_gmt":"2025-07-02T07:49:21","guid":{"rendered":"https:\/\/jugulajm.net\/?p=88910"},"modified":"2025-07-02T09:49:21","modified_gmt":"2025-07-02T07:49:21","slug":"gjyqi-shtyhet-pretenca-per-ish-kryebashkiakun-e-himares","status":"publish","type":"post","link":"https:\/\/jugulajm.net\/?p=88910","title":{"rendered":"Gjyqi, shtyhet pretenca p\u00ebr ish-kryebashkiakun e Himar\u00ebs"},"content":{"rendered":"<p>Shtyhet seanca p\u00ebr pretenc\u00ebn e ish-kryetarit t\u00eb bashkis\u00eb s\u00eb Himar\u00ebs, Jorgo Goro, i cili nuk ishte prezent n\u00eb sall\u00eb.<\/p>\n<p>N\u00eb deklarat\u00eb nuk \u00ebsht\u00eb caktuar ora dhe data p\u00ebr arsyen e mosprezenc\u00ebs. Seanca shtyhet p\u00ebr n\u00eb dat\u00ebn 4 korrik, ora 11:00.<\/p>\n<p>\u201cMarr\u00eb n\u00eb konsiderat\u00eb se i pandehuri nuk ka shprehur sakt\u00eb deklarimin n\u00ebse i referohet dit\u00ebs s\u00eb sotme ose jo, pasi nuk ka caktuar as trup\u00ebn gjykuese, konsiderohet i pa shprehur vullneti i tij.\u201d<\/p>\n<p>Ish-kryebashkiaku i Himar\u00ebs, u arrestua p\u00ebr shp\u00ebrdorim detyre kryer n\u00eb bashk\u00ebpunim n\u00eb lidhje me tjet\u00ebrsimin e nj\u00eb sip\u00ebrfaqeje toke, q\u00eb gjendet n\u00eb fshatin Gjilek\u00eb t\u00eb Dh\u00ebrmiut.<\/p>\n<p>K\u00ebto sip\u00ebrfaqe prej rreth 10 mij\u00eb metra katror jan\u00eb sekuestruar nga SPAK dhe si p\u00ebrfitues fundor kishin ish-deputetin Artan Ga\u00e7i.<\/p>\n<p>Goro u arrestua n\u00eb mars t\u00eb vitit t\u00eb kaluar, pas kall\u00ebzimit te depozituar nga Fredi Beleri.<\/p>\n<p>P\u00ebr t\u00eb nj\u00ebjt\u00ebn \u00e7\u00ebshtje, do t\u00eb gjykohet edhe ish-kreu i Kadastr\u00ebs s\u00eb Vlor\u00ebs, Bilbil Aliaj, i cili ndodhet n\u00eb mas\u00ebn e siguris\u00eb \u2018detyrim paraqitje\u2019 si dhe ish-juristi Vezir Gjikoka q\u00eb ka mas\u00ebn \u2018arrest n\u00eb sht\u00ebpi\u2019.<\/p>\n","protected":false},"excerpt":{"rendered":"<p>Shtyhet seanca p\u00ebr pretenc\u00ebn e ish-kryetarit t\u00eb bashkis\u00eb s\u00eb Himar\u00ebs, Jorgo Goro, i cili nuk ishte prezent n\u00eb sall\u00eb. N\u00eb deklarat\u00eb nuk \u00ebsht\u00eb caktuar ora dhe data p\u00ebr arsyen e mosprezenc\u00ebs. Seanca shtyhet p\u00ebr n\u00eb dat\u00ebn 4 korrik, ora 11:00. \u201cMarr\u00eb n\u00eb konsiderat\u00eb se i pandehuri nuk ka shprehur sakt\u00eb deklarimin n\u00ebse i referohet dit\u00ebs [&hellip;]<\/p>\n","protected":false},"author":5,"featured_media":66901,"comment_status":"closed","ping_status":"closed","sticky":false,"template":"","format":"standard","meta":{"footnotes":""},"categories":[1,6332,29228],"tags":[30899,36930],"class_list":{"0":"post-88910","1":"post","2":"type-post","3":"status-publish","4":"format-standard","5":"has-post-thumbnail","7":"category-aktualitet","8":"category-te-fundit","9":"category-vendi","10":"tag-gjyqi","11":"tag-shtyhet-pretenca-per-ish-kryebashkiakun-e-himares"},"_links":{"self":[{"href":"https:\/\/jugulajm.net\/index.php?rest_route=\/wp\/v2\/posts\/88910","targetHints":{"allow":["GET"]}}],"collection":[{"href":"https:\/\/jugulajm.net\/index.php?rest_route=\/wp\/v2\/posts"}],"about":[{"href":"https:\/\/jugulajm.net\/index.php?rest_route=\/wp\/v2\/types\/post"}],"author":[{"embeddable":true,"href":"https:\/\/jugulajm.net\/index.php?rest_route=\/wp\/v2\/users\/5"}],"replies":[{"embeddable":true,"href":"https:\/\/jugulajm.net\/index.php?rest_route=%2Fwp%2Fv2%2Fcomments&post=88910"}],"version-history":[{"count":1,"href":"https:\/\/jugulajm.net\/index.php?rest_route=\/wp\/v2\/posts\/88910\/revisions"}],"predecessor-version":[{"id":88911,"href":"https:\/\/jugulajm.net\/index.php?rest_route=\/wp\/v2\/posts\/88910\/revisions\/88911"}],"wp:featuredmedia":[{"embeddable":true,"href":"https:\/\/jugulajm.net\/index.php?rest_route=\/wp\/v2\/media\/66901"}],"wp:attachment":[{"href":"https:\/\/jugulajm.net\/index.php?rest_route=%2Fwp%2Fv2%2Fmedia&parent=88910"}],"wp:term":[{"taxonomy":"category","embeddable":true,"href":"https:\/\/jugulajm.net\/index.php?rest_route=%2Fwp%2Fv2%2Fcategories&post=88910"},{"taxonomy":"post_tag","embeddable":true,"href":"https:\/\/jugulajm.net\/index.php?rest_route=%2Fwp%2Fv2%2Ftags&post=88910"}],"curies":[{"name":"wp","href":"https:\/\/api.w.org\/{rel}","templated":true}]}}