{"id":88902,"date":"2025-07-01T21:53:15","date_gmt":"2025-07-01T19:53:15","guid":{"rendered":"https:\/\/jugulajm.net\/?p=88902"},"modified":"2025-07-01T21:53:15","modified_gmt":"2025-07-01T19:53:15","slug":"ja-pse-behet-pelegrinazh-ne-20-25-gusht-ne-tomorr-flet-dervish-hasan-carkanji","status":"publish","type":"post","link":"https:\/\/jugulajm.net\/?p=88902","title":{"rendered":"Ja pse b\u00ebhet pelegrinazh n\u00eb 20-25 gusht n\u00eb Tomorr, flet Dervish Hasan Carkanji"},"content":{"rendered":"<p>Mali i Tomorrit vizitohet \u00e7do vit p\u00ebrgjat\u00eb datave 20 dhe 25 gusht nga mij\u00ebra pelegrin\u00eb, t\u00eb cil\u00ebt besojn\u00eb fort n\u00eb fuqin\u00eb mistike t\u00eb k\u00ebtij vendi t\u00eb shenjt\u00eb, aty ku prehet shpirt\u00ebrisht shenjti i bektashinjve, Abaz Aliu.<\/p>\n<p>Por pse pik\u00ebrisht mes k\u00ebtyre dit\u00ebve \u00ebsht\u00eb kaq i madh numri i pelegrin\u00ebve, \u00e7far\u00eb mrekullish kan\u00eb ndodhur, cila \u00ebsht\u00eb fuqia q\u00eb fshihet pas atij Mekami (varri shpirt\u00ebror i Abaz Aliut)?<\/p>\n<p>P\u00ebr t\u00eb marr\u00eb p\u00ebrgjigje p\u00ebr k\u00ebto pyetje, moderatorja e dhe autorja e Quo Vadis n\u00eb Vizion Plus, udh\u00ebtoi drejt malit t\u00eb Tomorrit, ku zhvilloi nj\u00eb bised\u00eb me Dervish Hasan Carkanji, p\u00ebr t\u00eb zbardhur pak nga misteri i madh q\u00eb fsheh nd\u00ebr vite ky vend mistik.<\/p>\n<p><strong>Pjes\u00eb nga biseda:<\/strong><\/p>\n<p><strong>Borakaj:<\/strong>\u00a0K\u00ebtu ka nj\u00eb pelegrinazh q\u00eb zhvillohet nga datat 20-25 gusht, pse jan\u00eb zgjedhur k\u00ebto data?<\/p>\n<p><strong>Dervish Hasan Carkanji:<\/strong>\u00a0Abaz Aliu \u00ebsht\u00eb shfaqur shpirt\u00ebrisht n\u00eb k\u00ebto data. K\u00ebto jan\u00eb argumnetat e njer\u00ebzve, mrekullit\u00eb k\u00ebtu. Ka patur njer\u00ebz q\u00eb nuk ecnin, kan\u00eb ecur, kan\u00eb patur nje\u00ebrz q\u00eb nuk flisnin, kan\u00eb dal\u00eb nga k\u00ebtu dhe Zoti i madh i ka b\u00ebr\u00eb t\u00eb flasin.<\/p>\n<p><strong>Borakaj:<\/strong>\u00a0Mrekullit\u00eb q\u00eb ndodhin n\u00eb k\u00ebto dat\u00eb?<\/p>\n<p><strong>Dervish Hasan Carkanji:<\/strong>\u00a0Mrekullit\u00eb q\u00eb ndodhin kryesisht n\u00eb k\u00ebto data, pasi ndodhin edhe n\u00eb dit\u00eb t\u00eb tjera t\u00eb vitit.<\/p>\n<p><strong>Borakaj:<\/strong>\u00a0\u00c7far\u00eb duhet t\u00eb ken\u00eb aprasysh njer\u00ebzit kur vijn\u00eb n\u00eb Malin e Tomorrit?<\/p>\n<p><strong>Dervish Hasan Carkanji:<\/strong>\u00a0Njer\u00ebzit k\u00ebtu vijn\u00eb dhe b\u00ebjn\u00eb kurban p\u00ebr hatrin e Zotit, t\u00eb ken\u00eb dashuri me nj\u00ebri-tjetrin. Kur vjen n\u00eb nj\u00eb vend t\u00eb shenjt\u00eb para se t\u00eb b\u00ebsh kurban dhe t\u2019i lutesh Zotit, por para se t\u00eb b\u00ebsh kurban dhe t\u2019i lutesh Zotit duhet t\u00eb kesh dashuri p\u00ebr nj\u00ebri-tjetrin, respekt p\u00ebr nj\u00ebri-tjetrin. Duhet t\u00eb respektojm\u00eb njeriun si krijes\u00ebn m\u00eb t\u00eb p\u00ebrsorur t\u00eb Zotit. N\u00ebse ne nuk respektojm\u00eb njeriun, nuk kemi respektuar vendet tona t\u00eb shenjta.<\/p>\n","protected":false},"excerpt":{"rendered":"<p>Mali i Tomorrit vizitohet \u00e7do vit p\u00ebrgjat\u00eb datave 20 dhe 25 gusht nga mij\u00ebra pelegrin\u00eb, t\u00eb cil\u00ebt besojn\u00eb fort n\u00eb fuqin\u00eb mistike t\u00eb k\u00ebtij vendi t\u00eb shenjt\u00eb, aty ku prehet shpirt\u00ebrisht shenjti i bektashinjve, Abaz Aliu. Por pse pik\u00ebrisht mes k\u00ebtyre dit\u00ebve \u00ebsht\u00eb kaq i madh numri i pelegrin\u00ebve, \u00e7far\u00eb mrekullish kan\u00eb ndodhur, cila \u00ebsht\u00eb [&hellip;]<\/p>\n","protected":false},"author":5,"featured_media":88903,"comment_status":"closed","ping_status":"closed","sticky":false,"template":"","format":"standard","meta":{"footnotes":""},"categories":[6332,29228],"tags":[36928,36927],"class_list":{"0":"post-88902","1":"post","2":"type-post","3":"status-publish","4":"format-standard","5":"has-post-thumbnail","7":"category-te-fundit","8":"category-vendi","9":"tag-flet-dervish-hasan-carkanji","10":"tag-ja-pse-behet-pelegrinazh-ne-20-25-gusht-ne-tomorr"},"_links":{"self":[{"href":"https:\/\/jugulajm.net\/index.php?rest_route=\/wp\/v2\/posts\/88902","targetHints":{"allow":["GET"]}}],"collection":[{"href":"https:\/\/jugulajm.net\/index.php?rest_route=\/wp\/v2\/posts"}],"about":[{"href":"https:\/\/jugulajm.net\/index.php?rest_route=\/wp\/v2\/types\/post"}],"author":[{"embeddable":true,"href":"https:\/\/jugulajm.net\/index.php?rest_route=\/wp\/v2\/users\/5"}],"replies":[{"embeddable":true,"href":"https:\/\/jugulajm.net\/index.php?rest_route=%2Fwp%2Fv2%2Fcomments&post=88902"}],"version-history":[{"count":1,"href":"https:\/\/jugulajm.net\/index.php?rest_route=\/wp\/v2\/posts\/88902\/revisions"}],"predecessor-version":[{"id":88904,"href":"https:\/\/jugulajm.net\/index.php?rest_route=\/wp\/v2\/posts\/88902\/revisions\/88904"}],"wp:featuredmedia":[{"embeddable":true,"href":"https:\/\/jugulajm.net\/index.php?rest_route=\/wp\/v2\/media\/88903"}],"wp:attachment":[{"href":"https:\/\/jugulajm.net\/index.php?rest_route=%2Fwp%2Fv2%2Fmedia&parent=88902"}],"wp:term":[{"taxonomy":"category","embeddable":true,"href":"https:\/\/jugulajm.net\/index.php?rest_route=%2Fwp%2Fv2%2Fcategories&post=88902"},{"taxonomy":"post_tag","embeddable":true,"href":"https:\/\/jugulajm.net\/index.php?rest_route=%2Fwp%2Fv2%2Ftags&post=88902"}],"curies":[{"name":"wp","href":"https:\/\/api.w.org\/{rel}","templated":true}]}}