{"id":88883,"date":"2025-07-01T11:59:39","date_gmt":"2025-07-01T09:59:39","guid":{"rendered":"https:\/\/jugulajm.net\/?p=88883"},"modified":"2025-07-01T12:00:14","modified_gmt":"2025-07-01T10:00:14","slug":"emri-foto-ja-kush-eshte-babai-36-vjecar-abuzoi-me-vajzen-e-tij-te-mitur-qe-kur-ishte-5-vjec","status":"publish","type":"post","link":"https:\/\/jugulajm.net\/?p=88883","title":{"rendered":"EMRI-FOTO\/ Ja kush \u00ebsht\u00eb babai 36-vje\u00e7ar, i cili abuzoi me vajz\u00ebn e tij t\u00eb mitur q\u00eb kur ishte 5 vje\u00e7"},"content":{"rendered":"<p>Nj\u00eb babai 36-vje\u00e7ar n\u00eb fshatin Sheqisht\u00eb ka kryer marr\u00ebdh\u00ebnie seksuale me vajz\u00ebn e tij 12 vje\u00e7e. 36-vje\u00e7ari, Zamir Meta, \u00ebsht\u00eb v\u00ebn\u00eb n\u00eb pranga nga policia.<\/p>\n<p>Personi q\u00eb shihni n\u00eb foto \u00ebsht\u00eb babai dhe abuzuesi i vajz\u00ebs s\u00eb mitur.<\/p>\n<p><img decoding=\"async\" src=\"https:\/\/www.syri.net\/uploads\/syri.net\/images\/2025\/July\/01\/auto_-640-0-1751362243x574d6d63-495a-49a6-beb1-b9fb94ef3305-5211751363057.jpg\" alt=\"Image\" \/><\/p>\n<p>N\u00ebna e vajz\u00ebs 12-vje\u00e7are, Juela Meta, \u00ebsht\u00eb shprehur se ngjarjen e kishte marr\u00eb vesh n\u00eb polici nd\u00ebrsa shton se burri i saj duhet t\u00eb kalbet n\u00eb burg p\u00ebr at\u00eb q\u00eb ka b\u00ebr\u00eb. Gjithashtu tha se vajza nuk i ka treguar asnj\u00ebher\u00eb p\u00ebr k\u00ebt\u00eb, por ishte gjith\u00eb koh\u00ebn e acaruar me v\u00ebllez\u00ebrit dhe motrat.<\/p>\n<p>Juela ka treguar se vajza ka deklaruar n\u00eb polici, se i ati e kishte p\u00ebrdhunuar q\u00eb kur ishte 5 vje\u00e7.<\/p>\n<p>E mitura aktualisht \u00ebsht\u00eb marr\u00eb nga shteti p\u00ebr trajtim, pasi kishte kaluar n\u00eb depresion. Familja Meta kishte ardhur nga Gjermania para 20 muajve pasi kishin q\u00ebndruar pes\u00eb vjet atje.<\/p>\n","protected":false},"excerpt":{"rendered":"<p>Nj\u00eb babai 36-vje\u00e7ar n\u00eb fshatin Sheqisht\u00eb ka kryer marr\u00ebdh\u00ebnie seksuale me vajz\u00ebn e tij 12 vje\u00e7e. 36-vje\u00e7ari, Zamir Meta, \u00ebsht\u00eb v\u00ebn\u00eb n\u00eb pranga nga policia. Personi q\u00eb shihni n\u00eb foto \u00ebsht\u00eb babai dhe abuzuesi i vajz\u00ebs s\u00eb mitur. N\u00ebna e vajz\u00ebs 12-vje\u00e7are, Juela Meta, \u00ebsht\u00eb shprehur se ngjarjen e kishte marr\u00eb vesh n\u00eb polici nd\u00ebrsa [&hellip;]<\/p>\n","protected":false},"author":5,"featured_media":88884,"comment_status":"closed","ping_status":"closed","sticky":false,"template":"","format":"standard","meta":{"footnotes":""},"categories":[1,6332,29228],"tags":[36918,36917],"class_list":{"0":"post-88883","1":"post","2":"type-post","3":"status-publish","4":"format-standard","5":"has-post-thumbnail","7":"category-aktualitet","8":"category-te-fundit","9":"category-vendi","10":"tag-abuzoi-me-vajzen-e-tij-te-mitur-qe-kur-ishte-5-vjec","11":"tag-emri-foto-ja-kush-eshte-babai-36-vjecar"},"_links":{"self":[{"href":"https:\/\/jugulajm.net\/index.php?rest_route=\/wp\/v2\/posts\/88883","targetHints":{"allow":["GET"]}}],"collection":[{"href":"https:\/\/jugulajm.net\/index.php?rest_route=\/wp\/v2\/posts"}],"about":[{"href":"https:\/\/jugulajm.net\/index.php?rest_route=\/wp\/v2\/types\/post"}],"author":[{"embeddable":true,"href":"https:\/\/jugulajm.net\/index.php?rest_route=\/wp\/v2\/users\/5"}],"replies":[{"embeddable":true,"href":"https:\/\/jugulajm.net\/index.php?rest_route=%2Fwp%2Fv2%2Fcomments&post=88883"}],"version-history":[{"count":2,"href":"https:\/\/jugulajm.net\/index.php?rest_route=\/wp\/v2\/posts\/88883\/revisions"}],"predecessor-version":[{"id":88886,"href":"https:\/\/jugulajm.net\/index.php?rest_route=\/wp\/v2\/posts\/88883\/revisions\/88886"}],"wp:featuredmedia":[{"embeddable":true,"href":"https:\/\/jugulajm.net\/index.php?rest_route=\/wp\/v2\/media\/88884"}],"wp:attachment":[{"href":"https:\/\/jugulajm.net\/index.php?rest_route=%2Fwp%2Fv2%2Fmedia&parent=88883"}],"wp:term":[{"taxonomy":"category","embeddable":true,"href":"https:\/\/jugulajm.net\/index.php?rest_route=%2Fwp%2Fv2%2Fcategories&post=88883"},{"taxonomy":"post_tag","embeddable":true,"href":"https:\/\/jugulajm.net\/index.php?rest_route=%2Fwp%2Fv2%2Ftags&post=88883"}],"curies":[{"name":"wp","href":"https:\/\/api.w.org\/{rel}","templated":true}]}}