{"id":88808,"date":"2025-06-28T17:20:37","date_gmt":"2025-06-28T15:20:37","guid":{"rendered":"https:\/\/jugulajm.net\/?p=88808"},"modified":"2025-06-28T17:20:37","modified_gmt":"2025-06-28T15:20:37","slug":"foto-rrezohet-palma-ne-mes-te-bulevardit-rrezikohen-kalimtaret","status":"publish","type":"post","link":"https:\/\/jugulajm.net\/?p=88808","title":{"rendered":"FOTO\/ Rr\u00ebzohet palma n\u00eb mes t\u00eb bulevardit, rrezikohen kalimtar\u00ebt"},"content":{"rendered":"<p>Nj\u00eb palm\u00eb u rr\u00ebzua papritur dit\u00ebn e sotme n\u00eb mes t\u00eb rrug\u00ebs n\u00eb bulevardin \u201cEpidamn\u201d n\u00eb Durr\u00ebs, duke rrezikuar kalimtar\u00eb dhe drejtues mjetesh, por p\u00ebr fat t\u00eb mir\u00eb nuk pati t\u00eb l\u00ebnduar.<\/p>\n<p>Rruga u bllokua p\u00ebrkoh\u00ebsisht dhe policia po menaxhon qarkullimin, nd\u00ebrsa pritet largimi i palm\u00ebs.<\/p>\n<p>Ngjarje t\u00eb ngjashme jan\u00eb sh\u00ebnuar m\u00eb her\u00ebt n\u00eb t\u00eb nj\u00ebjtin bulevard dhe zona t\u00eb tjera t\u00eb Durr\u00ebsit.<\/p>\n","protected":false},"excerpt":{"rendered":"<p>Nj\u00eb palm\u00eb u rr\u00ebzua papritur dit\u00ebn e sotme n\u00eb mes t\u00eb rrug\u00ebs n\u00eb bulevardin \u201cEpidamn\u201d n\u00eb Durr\u00ebs, duke rrezikuar kalimtar\u00eb dhe drejtues mjetesh, por p\u00ebr fat t\u00eb mir\u00eb nuk pati t\u00eb l\u00ebnduar. Rruga u bllokua p\u00ebrkoh\u00ebsisht dhe policia po menaxhon qarkullimin, nd\u00ebrsa pritet largimi i palm\u00ebs. Ngjarje t\u00eb ngjashme jan\u00eb sh\u00ebnuar m\u00eb her\u00ebt n\u00eb t\u00eb [&hellip;]<\/p>\n","protected":false},"author":5,"featured_media":88809,"comment_status":"closed","ping_status":"closed","sticky":false,"template":"","format":"standard","meta":{"footnotes":""},"categories":[1,6332,29228],"tags":[36872,36873],"class_list":{"0":"post-88808","1":"post","2":"type-post","3":"status-publish","4":"format-standard","5":"has-post-thumbnail","7":"category-aktualitet","8":"category-te-fundit","9":"category-vendi","10":"tag-foto-rrezohet-palma-ne-mes-te-bulevardit","11":"tag-rrezikohen-kalimtaret"},"_links":{"self":[{"href":"https:\/\/jugulajm.net\/index.php?rest_route=\/wp\/v2\/posts\/88808","targetHints":{"allow":["GET"]}}],"collection":[{"href":"https:\/\/jugulajm.net\/index.php?rest_route=\/wp\/v2\/posts"}],"about":[{"href":"https:\/\/jugulajm.net\/index.php?rest_route=\/wp\/v2\/types\/post"}],"author":[{"embeddable":true,"href":"https:\/\/jugulajm.net\/index.php?rest_route=\/wp\/v2\/users\/5"}],"replies":[{"embeddable":true,"href":"https:\/\/jugulajm.net\/index.php?rest_route=%2Fwp%2Fv2%2Fcomments&post=88808"}],"version-history":[{"count":1,"href":"https:\/\/jugulajm.net\/index.php?rest_route=\/wp\/v2\/posts\/88808\/revisions"}],"predecessor-version":[{"id":88810,"href":"https:\/\/jugulajm.net\/index.php?rest_route=\/wp\/v2\/posts\/88808\/revisions\/88810"}],"wp:featuredmedia":[{"embeddable":true,"href":"https:\/\/jugulajm.net\/index.php?rest_route=\/wp\/v2\/media\/88809"}],"wp:attachment":[{"href":"https:\/\/jugulajm.net\/index.php?rest_route=%2Fwp%2Fv2%2Fmedia&parent=88808"}],"wp:term":[{"taxonomy":"category","embeddable":true,"href":"https:\/\/jugulajm.net\/index.php?rest_route=%2Fwp%2Fv2%2Fcategories&post=88808"},{"taxonomy":"post_tag","embeddable":true,"href":"https:\/\/jugulajm.net\/index.php?rest_route=%2Fwp%2Fv2%2Ftags&post=88808"}],"curies":[{"name":"wp","href":"https:\/\/api.w.org\/{rel}","templated":true}]}}