{"id":88778,"date":"2025-06-26T14:35:46","date_gmt":"2025-06-26T12:35:46","guid":{"rendered":"https:\/\/jugulajm.net\/?p=88778"},"modified":"2025-06-26T14:35:46","modified_gmt":"2025-06-26T12:35:46","slug":"termet-ne-shqiperi-ja-se-ku-dhe-ja-sa-ishte-magnituda","status":"publish","type":"post","link":"https:\/\/jugulajm.net\/?p=88778","title":{"rendered":"T\u00ebrmet n\u00eb Shqip\u00ebri, ja se ku dhe ja sa ishte magnituda&#8230;"},"content":{"rendered":"<p>Nj\u00eb t\u00ebrmet me magnitud\u00eb 3.4 t\u00eb shkall\u00ebs Rihter \u00ebsht\u00eb regjistruar k\u00ebt\u00eb t\u00eb enjte, n\u00eb or\u00ebn 13:51 n\u00eb jugper\u00ebndim t\u00eb Shqip\u00ebris\u00eb.<\/p>\n<p>Sipas t\u00eb dh\u00ebnave paraprake t\u00eb Qendr\u00ebs Europiane t\u00eb Sizmologjis\u00eb, epiqendra ka qen\u00eb rreth 17 km n\u00eb juglindje t\u00eb Patosit.<\/p>\n<p>Thell\u00ebsia e t\u00ebrmetit \u00ebsht\u00eb p\u00ebrllogaritur n\u00eb vet\u00ebm 5 kilometra, \u00e7ka e b\u00ebn at\u00eb relativisht sip\u00ebrfaq\u00ebsor dhe m\u00eb t\u00eb ndjesh\u00ebm nga banor\u00ebt e zon\u00ebs.<\/p>\n<p>Deri m\u00eb tani nuk raportohet p\u00ebr d\u00ebme materiale apo t\u00eb l\u00ebnduar, por l\u00ebkundjet jan\u00eb ndjer\u00eb n\u00eb disa zona p\u00ebrreth, ve\u00e7an\u00ebrisht n\u00eb Fier, Patos dhe Ballsh.<\/p>\n<p>N\u00eb Shqip\u00ebri jan\u00eb ndjer\u00eb disa l\u00ebkundje t\u00ebrmeti gjat\u00eb dit\u00ebve t\u00eb fundit, me m\u00eb t\u00eb fort\u00ebn pran\u00eb zon\u00ebs s\u00eb Fush\u00eb Kruj\u00ebs me magnitud\u00eb 4,2 i shkall\u00ebs rihter.<\/p>\n","protected":false},"excerpt":{"rendered":"<p>Nj\u00eb t\u00ebrmet me magnitud\u00eb 3.4 t\u00eb shkall\u00ebs Rihter \u00ebsht\u00eb regjistruar k\u00ebt\u00eb t\u00eb enjte, n\u00eb or\u00ebn 13:51 n\u00eb jugper\u00ebndim t\u00eb Shqip\u00ebris\u00eb. Sipas t\u00eb dh\u00ebnave paraprake t\u00eb Qendr\u00ebs Europiane t\u00eb Sizmologjis\u00eb, epiqendra ka qen\u00eb rreth 17 km n\u00eb juglindje t\u00eb Patosit. Thell\u00ebsia e t\u00ebrmetit \u00ebsht\u00eb p\u00ebrllogaritur n\u00eb vet\u00ebm 5 kilometra, \u00e7ka e b\u00ebn at\u00eb relativisht sip\u00ebrfaq\u00ebsor dhe [&hellip;]<\/p>\n","protected":false},"author":5,"featured_media":53407,"comment_status":"closed","ping_status":"closed","sticky":false,"template":"","format":"standard","meta":{"footnotes":""},"categories":[1,6332,29228],"tags":[36855,21861],"class_list":{"0":"post-88778","1":"post","2":"type-post","3":"status-publish","4":"format-standard","5":"has-post-thumbnail","7":"category-aktualitet","8":"category-te-fundit","9":"category-vendi","10":"tag-ja-se-ku-dhe-ja-sa-ishte-magnituda","11":"tag-termet-ne-shqiperi"},"_links":{"self":[{"href":"https:\/\/jugulajm.net\/index.php?rest_route=\/wp\/v2\/posts\/88778","targetHints":{"allow":["GET"]}}],"collection":[{"href":"https:\/\/jugulajm.net\/index.php?rest_route=\/wp\/v2\/posts"}],"about":[{"href":"https:\/\/jugulajm.net\/index.php?rest_route=\/wp\/v2\/types\/post"}],"author":[{"embeddable":true,"href":"https:\/\/jugulajm.net\/index.php?rest_route=\/wp\/v2\/users\/5"}],"replies":[{"embeddable":true,"href":"https:\/\/jugulajm.net\/index.php?rest_route=%2Fwp%2Fv2%2Fcomments&post=88778"}],"version-history":[{"count":1,"href":"https:\/\/jugulajm.net\/index.php?rest_route=\/wp\/v2\/posts\/88778\/revisions"}],"predecessor-version":[{"id":88779,"href":"https:\/\/jugulajm.net\/index.php?rest_route=\/wp\/v2\/posts\/88778\/revisions\/88779"}],"wp:featuredmedia":[{"embeddable":true,"href":"https:\/\/jugulajm.net\/index.php?rest_route=\/wp\/v2\/media\/53407"}],"wp:attachment":[{"href":"https:\/\/jugulajm.net\/index.php?rest_route=%2Fwp%2Fv2%2Fmedia&parent=88778"}],"wp:term":[{"taxonomy":"category","embeddable":true,"href":"https:\/\/jugulajm.net\/index.php?rest_route=%2Fwp%2Fv2%2Fcategories&post=88778"},{"taxonomy":"post_tag","embeddable":true,"href":"https:\/\/jugulajm.net\/index.php?rest_route=%2Fwp%2Fv2%2Ftags&post=88778"}],"curies":[{"name":"wp","href":"https:\/\/api.w.org\/{rel}","templated":true}]}}