{"id":88774,"date":"2025-06-26T12:07:57","date_gmt":"2025-06-26T10:07:57","guid":{"rendered":"https:\/\/jugulajm.net\/?p=88774"},"modified":"2025-06-26T12:07:57","modified_gmt":"2025-06-26T10:07:57","slug":"ministria-e-mbrojtjes-reagon-per-situaten-e-zjarreve-ne-vend-ja-shifrat","status":"publish","type":"post","link":"https:\/\/jugulajm.net\/?p=88774","title":{"rendered":"Ministria e Mbrojtjes reagon p\u00ebr situat\u00ebn e zjarreve n\u00eb vend, ja shifrat&#8230;"},"content":{"rendered":"<p>N\u00eb operacionet p\u00ebr shuarjen e zjarreve u angazhuan 78 forca operacionale, 11 automjete zjarrfik\u00ebse dhe mjete t\u00eb tjera transportie g\u00ebrmuese. B\u00ebhet e ditur se pas nj\u00eb pune t\u00eb pand\u00ebrprer\u00eb t\u00eb forcave n\u00eb terren u shuan vatrat e zjarrit t\u00eb raportuara n\u00eb disa zona n\u00eb qarqet Fier, Lezh\u00eb, Vlor\u00eb, Shkod\u00ebr, Tiran\u00eb e Berat. Ministria e Mbrojtjes ka reaguar n\u00eb lidhje me situat\u00ebn e zjarreve n\u00eb vend. Sipas njoftimit n\u00eb total jan\u00eb raportuar tet\u00eb vatra zjarri gjat\u00eb 24 or\u00ebve t\u00eb fundit n\u00eb disa qarqe t\u00eb vendit.<\/p>\n<p><strong>Njoftimi zyrtar:<\/strong><\/p>\n<p><em>Bazuar n\u00eb informacionet e d\u00ebrguara nga strukturat e sistemit t\u00eb Mbrojtjes Civile n\u00eb nivel qendror dhe vendor, n\u00eb Qendr\u00ebn Komb\u00ebtare Operacionale t\u00eb Emergjencave Civile, n\u00eb Agjencin\u00eb Komb\u00ebtare t\u00eb Mbrojtjes Civile, gjat\u00eb 24 or\u00ebve t\u00eb fundit \u00ebsht\u00eb raportuar p\u00ebr 8 vatra zjarri, t\u00eb cilat jan\u00eb izoluar t\u00eb gjitha.<\/em><\/p>\n<p><em>N\u00eb operacionet p\u00ebr shuarjen e zjarreve u angazhuan 78 forca operacionale, 11 automjete zjarrfik\u00ebse dhe mjete t\u00eb tjera transportie g\u00ebrmuese. Pas nj\u00eb pune t\u00eb pand\u00ebrprer\u00eb t\u00eb forcave n\u00eb terren u shuan vatrat e zjarrit t\u00eb raportuara n\u00eb disa zona n\u00eb qarqet: Fier, Lezh\u00eb, Vlor\u00eb, Shkod\u00ebr, Tiran\u00eb e Berat.<\/em><\/p>\n<p><em>Sipas informacionit t\u00eb d\u00ebrguar nga Instituti i Gjeoshkencave , n\u00eb Qendr\u00ebn Komb\u00ebtare Operacionale t\u00eb Emergjencave Civile, sot pritet nivel rrezik \u201cI LART\u00cb\u201d p\u00ebr zjarret n\u00eb qarkun Fier, nd\u00ebrsa pritet nivel rrezik \u201cI MODERUAR\u201d n\u00eb qarqet e tjer\u00eb.<\/em><\/p>\n<p><em>Ministria e Mbrojtjes dhe Agjencia Komb\u00ebtare e Mbrojtjes Civile p\u00ebrs\u00ebrit thirrjen p\u00ebr qytetar\u00ebt, t\u00eb b\u00ebjn\u00eb kujdes n\u00eb k\u00ebto dit\u00eb me temperatura t\u00eb larta dhe t\u00eb njoftojn\u00eb n\u00eb koh\u00eb, n\u00eb cdo rast kur v\u00ebrejn\u00eb nj\u00eb vat\u00ebr zjarri.<\/em><\/p>\n","protected":false},"excerpt":{"rendered":"<p>N\u00eb operacionet p\u00ebr shuarjen e zjarreve u angazhuan 78 forca operacionale, 11 automjete zjarrfik\u00ebse dhe mjete t\u00eb tjera transportie g\u00ebrmuese. B\u00ebhet e ditur se pas nj\u00eb pune t\u00eb pand\u00ebrprer\u00eb t\u00eb forcave n\u00eb terren u shuan vatrat e zjarrit t\u00eb raportuara n\u00eb disa zona n\u00eb qarqet Fier, Lezh\u00eb, Vlor\u00eb, Shkod\u00ebr, Tiran\u00eb e Berat. Ministria e Mbrojtjes [&hellip;]<\/p>\n","protected":false},"author":5,"featured_media":51003,"comment_status":"closed","ping_status":"closed","sticky":false,"template":"","format":"standard","meta":{"footnotes":""},"categories":[1],"tags":[22464,36852],"class_list":{"0":"post-88774","1":"post","2":"type-post","3":"status-publish","4":"format-standard","5":"has-post-thumbnail","7":"category-aktualitet","8":"tag-ja-shifrat","9":"tag-ministria-e-mbrojtjes-reagon-per-situaten-e-zjarreve-ne-vend"},"_links":{"self":[{"href":"https:\/\/jugulajm.net\/index.php?rest_route=\/wp\/v2\/posts\/88774","targetHints":{"allow":["GET"]}}],"collection":[{"href":"https:\/\/jugulajm.net\/index.php?rest_route=\/wp\/v2\/posts"}],"about":[{"href":"https:\/\/jugulajm.net\/index.php?rest_route=\/wp\/v2\/types\/post"}],"author":[{"embeddable":true,"href":"https:\/\/jugulajm.net\/index.php?rest_route=\/wp\/v2\/users\/5"}],"replies":[{"embeddable":true,"href":"https:\/\/jugulajm.net\/index.php?rest_route=%2Fwp%2Fv2%2Fcomments&post=88774"}],"version-history":[{"count":1,"href":"https:\/\/jugulajm.net\/index.php?rest_route=\/wp\/v2\/posts\/88774\/revisions"}],"predecessor-version":[{"id":88775,"href":"https:\/\/jugulajm.net\/index.php?rest_route=\/wp\/v2\/posts\/88774\/revisions\/88775"}],"wp:featuredmedia":[{"embeddable":true,"href":"https:\/\/jugulajm.net\/index.php?rest_route=\/wp\/v2\/media\/51003"}],"wp:attachment":[{"href":"https:\/\/jugulajm.net\/index.php?rest_route=%2Fwp%2Fv2%2Fmedia&parent=88774"}],"wp:term":[{"taxonomy":"category","embeddable":true,"href":"https:\/\/jugulajm.net\/index.php?rest_route=%2Fwp%2Fv2%2Fcategories&post=88774"},{"taxonomy":"post_tag","embeddable":true,"href":"https:\/\/jugulajm.net\/index.php?rest_route=%2Fwp%2Fv2%2Ftags&post=88774"}],"curies":[{"name":"wp","href":"https:\/\/api.w.org\/{rel}","templated":true}]}}