{"id":88758,"date":"2025-06-25T16:53:22","date_gmt":"2025-06-25T14:53:22","guid":{"rendered":"https:\/\/jugulajm.net\/?p=88758"},"modified":"2025-06-25T16:53:22","modified_gmt":"2025-06-25T14:53:22","slug":"73-vjecari-nga-bylyshi-denoncon-ne-polici-humbjen-e-djalit-te-tij-30-vjecar","status":"publish","type":"post","link":"https:\/\/jugulajm.net\/?p=88758","title":{"rendered":"73-vje\u00e7ari nga Bylyshi denoncon n\u00eb polici humbjen e djalit t\u00eb tij 30-vje\u00e7ar"},"content":{"rendered":"<p>M\u00eb dat\u00eb 24.06.2025, n\u00eb Stacionin e Policis\u00eb Memaliaj ka kall\u00ebzuar shtetasi S. M., 73 vje\u00e7, banues n\u00eb fshatin Bylysh, se djali i tij, shtetasi E. M., 30 vje\u00e7, \u00ebsht\u00eb larguar nga banesa, m\u00eb dat\u00eb 15.06.2025. Punohet p\u00ebr gjetjen e tij.<\/p>\n<p>Materialet procedurale iu referuan Prokuroris\u00eb pran\u00eb Gjykat\u00ebs s\u00eb Shkall\u00ebs s\u00eb Par\u00eb t\u00eb Juridiksionit t\u00eb P\u00ebrgjithsh\u00ebm Gjirokast\u00ebr, p\u00ebr veprime t\u00eb m\u00ebtejshme.<\/p>\n","protected":false},"excerpt":{"rendered":"<p>M\u00eb dat\u00eb 24.06.2025, n\u00eb Stacionin e Policis\u00eb Memaliaj ka kall\u00ebzuar shtetasi S. M., 73 vje\u00e7, banues n\u00eb fshatin Bylysh, se djali i tij, shtetasi E. M., 30 vje\u00e7, \u00ebsht\u00eb larguar nga banesa, m\u00eb dat\u00eb 15.06.2025. Punohet p\u00ebr gjetjen e tij. Materialet procedurale iu referuan Prokuroris\u00eb pran\u00eb Gjykat\u00ebs s\u00eb Shkall\u00ebs s\u00eb Par\u00eb t\u00eb Juridiksionit t\u00eb P\u00ebrgjithsh\u00ebm [&hellip;]<\/p>\n","protected":false},"author":5,"featured_media":52023,"comment_status":"closed","ping_status":"closed","sticky":false,"template":"","format":"standard","meta":{"footnotes":""},"categories":[1,6332,29228],"tags":[36845],"class_list":{"0":"post-88758","1":"post","2":"type-post","3":"status-publish","4":"format-standard","5":"has-post-thumbnail","7":"category-aktualitet","8":"category-te-fundit","9":"category-vendi","10":"tag-73-vjecari-nga-bylyshi-denoncon-ne-polici-humbjen-e-djalit-te-tij-30-vjecar"},"_links":{"self":[{"href":"https:\/\/jugulajm.net\/index.php?rest_route=\/wp\/v2\/posts\/88758","targetHints":{"allow":["GET"]}}],"collection":[{"href":"https:\/\/jugulajm.net\/index.php?rest_route=\/wp\/v2\/posts"}],"about":[{"href":"https:\/\/jugulajm.net\/index.php?rest_route=\/wp\/v2\/types\/post"}],"author":[{"embeddable":true,"href":"https:\/\/jugulajm.net\/index.php?rest_route=\/wp\/v2\/users\/5"}],"replies":[{"embeddable":true,"href":"https:\/\/jugulajm.net\/index.php?rest_route=%2Fwp%2Fv2%2Fcomments&post=88758"}],"version-history":[{"count":1,"href":"https:\/\/jugulajm.net\/index.php?rest_route=\/wp\/v2\/posts\/88758\/revisions"}],"predecessor-version":[{"id":88759,"href":"https:\/\/jugulajm.net\/index.php?rest_route=\/wp\/v2\/posts\/88758\/revisions\/88759"}],"wp:featuredmedia":[{"embeddable":true,"href":"https:\/\/jugulajm.net\/index.php?rest_route=\/wp\/v2\/media\/52023"}],"wp:attachment":[{"href":"https:\/\/jugulajm.net\/index.php?rest_route=%2Fwp%2Fv2%2Fmedia&parent=88758"}],"wp:term":[{"taxonomy":"category","embeddable":true,"href":"https:\/\/jugulajm.net\/index.php?rest_route=%2Fwp%2Fv2%2Fcategories&post=88758"},{"taxonomy":"post_tag","embeddable":true,"href":"https:\/\/jugulajm.net\/index.php?rest_route=%2Fwp%2Fv2%2Ftags&post=88758"}],"curies":[{"name":"wp","href":"https:\/\/api.w.org\/{rel}","templated":true}]}}