{"id":88730,"date":"2025-06-24T22:15:47","date_gmt":"2025-06-24T20:15:47","guid":{"rendered":"https:\/\/jugulajm.net\/?p=88730"},"modified":"2025-06-24T22:15:47","modified_gmt":"2025-06-24T20:15:47","slug":"perseri-termet-ne-shqiperi-ja-se-ku","status":"publish","type":"post","link":"https:\/\/jugulajm.net\/?p=88730","title":{"rendered":"P\u00ebrs\u00ebri t\u00ebrmet n\u00eb Shqip\u00ebri, ja se ku&#8230;"},"content":{"rendered":"<p>Nj\u00eb t\u00ebrmet me magnitud\u00eb 3.4 t\u00eb shkall\u00ebs Rihter \u00ebsht\u00eb regjistruar mbr\u00ebmjen e s\u00eb mart\u00ebs, m\u00eb 24 qershor 2025, n\u00eb af\u00ebrsi t\u00eb Tiran\u00ebs.<\/p>\n<p>Sipas t\u00eb dh\u00ebnave t\u00eb Qendr\u00ebs Sizmologjike Euro-Mesdhetare (EMSC), l\u00ebkundjet u ndjen\u00eb n\u00eb or\u00ebn 21:53 me or\u00ebn lokale, me epiqend\u00ebr n\u00eb Nik\u00ebl, 13 kilometra n\u00eb veriper\u00ebndim t\u00eb Tiran\u00ebs dhe 119 kilometra n\u00eb juglindje t\u00eb Podgoric\u00ebs.<\/p>\n<figure id=\"attachment_2753715\" class=\"wp-caption alignnone\" aria-describedby=\"caption-attachment-2753715\"><a href=\"https:\/\/www.balkanweb.com\/wp-content\/uploads\/2025\/06\/termeti.jpg\" rel=\"lightbox\"><img loading=\"lazy\" loading=\"lazy\" decoding=\"async\" class=\"wp-image-2753715 size-full\" src=\"https:\/\/www.balkanweb.com\/wp-content\/uploads\/2025\/06\/termeti.jpg\" sizes=\"auto, (max-width: 740px) 100vw, 740px\" srcset=\"https:\/\/www.balkanweb.com\/wp-content\/uploads\/2025\/06\/termeti.jpg 740w, https:\/\/www.balkanweb.com\/wp-content\/uploads\/2025\/06\/termeti-130x280.jpg 130w, https:\/\/www.balkanweb.com\/wp-content\/uploads\/2025\/06\/termeti-162x350.jpg 162w, https:\/\/www.balkanweb.com\/wp-content\/uploads\/2025\/06\/termeti-710x1536.jpg 710w, https:\/\/www.balkanweb.com\/wp-content\/uploads\/2025\/06\/termeti-122x263.jpg 122w, https:\/\/www.balkanweb.com\/wp-content\/uploads\/2025\/06\/termeti-37x80.jpg 37w, https:\/\/www.balkanweb.com\/wp-content\/uploads\/2025\/06\/termeti-208x450.jpg 208w\" alt=\"Termeti\" width=\"740\" height=\"1600\" \/><\/a><\/figure>\n<p>T\u00ebrmeti ishte n\u00eb nj\u00eb thell\u00ebsi prej 5 kilometrash, \u00e7ka e b\u00ebri at\u00eb m\u00eb t\u00eb ndjesh\u00ebm n\u00eb sip\u00ebrfaqe.<\/p>\n","protected":false},"excerpt":{"rendered":"<p>Nj\u00eb t\u00ebrmet me magnitud\u00eb 3.4 t\u00eb shkall\u00ebs Rihter \u00ebsht\u00eb regjistruar mbr\u00ebmjen e s\u00eb mart\u00ebs, m\u00eb 24 qershor 2025, n\u00eb af\u00ebrsi t\u00eb Tiran\u00ebs. Sipas t\u00eb dh\u00ebnave t\u00eb Qendr\u00ebs Sizmologjike Euro-Mesdhetare (EMSC), l\u00ebkundjet u ndjen\u00eb n\u00eb or\u00ebn 21:53 me or\u00ebn lokale, me epiqend\u00ebr n\u00eb Nik\u00ebl, 13 kilometra n\u00eb veriper\u00ebndim t\u00eb Tiran\u00ebs dhe 119 kilometra n\u00eb juglindje t\u00eb [&hellip;]<\/p>\n","protected":false},"author":5,"featured_media":53407,"comment_status":"closed","ping_status":"closed","sticky":false,"template":"","format":"standard","meta":{"footnotes":""},"categories":[1,6332,29228],"tags":[20740,36834],"class_list":{"0":"post-88730","1":"post","2":"type-post","3":"status-publish","4":"format-standard","5":"has-post-thumbnail","7":"category-aktualitet","8":"category-te-fundit","9":"category-vendi","10":"tag-ja-se-ku","11":"tag-perseri-termet-ne-shqiperi"},"_links":{"self":[{"href":"https:\/\/jugulajm.net\/index.php?rest_route=\/wp\/v2\/posts\/88730","targetHints":{"allow":["GET"]}}],"collection":[{"href":"https:\/\/jugulajm.net\/index.php?rest_route=\/wp\/v2\/posts"}],"about":[{"href":"https:\/\/jugulajm.net\/index.php?rest_route=\/wp\/v2\/types\/post"}],"author":[{"embeddable":true,"href":"https:\/\/jugulajm.net\/index.php?rest_route=\/wp\/v2\/users\/5"}],"replies":[{"embeddable":true,"href":"https:\/\/jugulajm.net\/index.php?rest_route=%2Fwp%2Fv2%2Fcomments&post=88730"}],"version-history":[{"count":1,"href":"https:\/\/jugulajm.net\/index.php?rest_route=\/wp\/v2\/posts\/88730\/revisions"}],"predecessor-version":[{"id":88731,"href":"https:\/\/jugulajm.net\/index.php?rest_route=\/wp\/v2\/posts\/88730\/revisions\/88731"}],"wp:featuredmedia":[{"embeddable":true,"href":"https:\/\/jugulajm.net\/index.php?rest_route=\/wp\/v2\/media\/53407"}],"wp:attachment":[{"href":"https:\/\/jugulajm.net\/index.php?rest_route=%2Fwp%2Fv2%2Fmedia&parent=88730"}],"wp:term":[{"taxonomy":"category","embeddable":true,"href":"https:\/\/jugulajm.net\/index.php?rest_route=%2Fwp%2Fv2%2Fcategories&post=88730"},{"taxonomy":"post_tag","embeddable":true,"href":"https:\/\/jugulajm.net\/index.php?rest_route=%2Fwp%2Fv2%2Ftags&post=88730"}],"curies":[{"name":"wp","href":"https:\/\/api.w.org\/{rel}","templated":true}]}}