{"id":88715,"date":"2025-06-24T12:58:48","date_gmt":"2025-06-24T10:58:48","guid":{"rendered":"https:\/\/jugulajm.net\/?p=88715"},"modified":"2025-06-24T12:58:48","modified_gmt":"2025-06-24T10:58:48","slug":"ministri-hoxha-u-ben-apel-te-rinjve-per-tiu-bashkuar-akademise-se-sigurise-jane-150-kuota-te-reja","status":"publish","type":"post","link":"https:\/\/jugulajm.net\/?p=88715","title":{"rendered":"Ministri Hoxha u b\u00ebn apel t\u00eb rinjve p\u00ebr t\u2019iu bashkuar Akademis\u00eb s\u00eb Siguris\u00eb, jan\u00eb 150 kuota t\u00eb reja&#8230;"},"content":{"rendered":"<p>Ministri i Brendsh\u00ebm, Ervin Hoxha, ftoi t\u00eb rinjt\u00eb e t\u00eb rejat, q\u00eb p\u00ebrfundojn\u00eb matur\u00ebn, t\u00eb aplikojn\u00eb n\u00eb Akademin\u00eb e Siguris\u00eb, gjat\u00eb nj\u00eb vizite q\u00eb zhvilloi n\u00eb ambjentet e k\u00ebtij institucioni.<\/p>\n<div class=\"row\">\n<p>I shoq\u00ebruar nga Rektori i AS-s\u00eb,\u00a0Ilirjan Mandro, ministri Hoxha pa nga af\u00ebr masat e marra p\u00ebr vitin e ri akademik dhe p\u00ebr procesin e p\u00ebrzgjedhjes s\u00eb kandidat\u00ebve t\u00eb rinj.<\/p>\n<p>Gjat\u00eb k\u00ebsaj vizite, ministri Hoxha b\u00ebri nj\u00eb ftes\u00eb publike p\u00ebr t\u00eb rinjt\u00eb q\u00eb t\u2019i bashkohen k\u00ebsaj Akademie tashm\u00eb t\u00eb akredituar n\u00eb sistemin e lart\u00eb universitar.<\/p>\n<p>\u201cNdodhemi n\u00eb zemr\u00ebn e formimit profesional t\u00eb Policis\u00eb s\u00eb Shtetit, n\u00eb Akademin\u00eb e Siguris\u00eb, p\u00ebr t\u00eb ndar\u00eb me ju nj\u00eb thirrje dhe nj\u00eb mund\u00ebsi reale p\u00ebr t\u00eb gjith\u00eb maturant\u00ebt e k\u00ebtij viti shkollor. S\u00eb bashku me Rektorin dhe stafin akademik, ju ftojm\u00eb t\u00eb konsideroni nj\u00eb rrug\u00eb jet\u00ebsore q\u00eb mbart mision, dinjitet dhe p\u00ebrkushtim, rrug\u00ebn p\u00ebr t\u2019u b\u00ebr\u00eb punonj\u00ebs policie.<\/p>\n<p>Shkolla e Policis\u00eb ofron nj\u00eb formim cil\u00ebsor, modern dhe t\u00eb p\u00ebrputhsh\u00ebm me standardet europiane t\u00eb siguris\u00eb publike. Ajo nuk \u00ebsht\u00eb thjesht nj\u00eb shkoll\u00eb, por \u00ebsht\u00eb nj\u00eb der\u00eb q\u00eb hapet drejt nj\u00eb karriere t\u00eb q\u00ebndrueshme n\u00eb sh\u00ebrbim t\u00eb vendit dhe qytetar\u00ebve&#8221;, u shpreh Hoxha.<\/p>\n<p>M\u00eb tej ai vuri n\u00eb dukje se p\u00ebr k\u00ebt\u00eb vit, jan\u00eb parashikuar 150 kuota p\u00ebr t\u2019u pranuar n\u00eb AS.<\/p>\n<p>\u201cK\u00ebt\u00eb vit,\u00a0 pas nj\u00eb procesi t\u00eb hapur dhe konkurrues, 150 t\u00eb rinj e t\u00eb reja do t\u00eb ken\u00eb mund\u00ebsin\u00eb t\u00eb p\u00ebrzgjidhen dhe t\u00eb nisin formimin e tyre p\u00ebr t\u2019u b\u00ebr\u00eb pjes\u00eb e strukturave t\u00eb Policis\u00eb s\u00eb Shtetit. P\u00ebr k\u00ebt\u00eb arsye, i nxis t\u00eb gjith\u00eb maturant\u00ebt q\u00eb e kan\u00eb t\u00eb fort\u00eb idealin e sh\u00ebrbimit publik, q\u00eb kan\u00eb vullnet p\u00ebr t\u00eb kontribuar n\u00eb rritjen e siguris\u00eb n\u00eb komunitet, t\u00eb p\u00ebrfshijn\u00eb Akademin\u00eb e Siguris\u00eb n\u00eb preferencat e tyre dhe t\u00eb garojn\u00eb me besim\u201d, tha Ministri Hoxha.<\/p>\n<p>M\u00eb tej ai vuri n\u00eb dukje se t\u00eb jesh pjes\u00eb e Policis\u00eb s\u00eb Shtetit nuk \u00ebsht\u00eb thjesht nj\u00eb profesion, \u00ebsht\u00eb nj\u00eb mision.<\/p>\n<p>&#8220;Un\u00eb vet\u00eb vij n\u00eb detyr\u00ebn e Ministrit t\u00eb Brendsh\u00ebm, pas nj\u00eb karriere t\u00eb gjat\u00eb n\u00eb radh\u00ebt e Policis\u00eb s\u00eb Shtetit. Brenda dyerve t\u00eb k\u00ebsaj shkolle, mora dijet e para dhe forcova besimin se ky vend, p\u00ebrmes kontributit t\u00eb t\u00eb gjith\u00ebve ne, do t\u00eb ket\u00eb nj\u00eb t\u00eb ardhme m\u00eb t\u00eb mir\u00eb.<\/p>\n<p>\u00cbsht\u00eb nj\u00eb zgjedhje q\u00eb t\u00eb vendos p\u00ebrball\u00eb sfidave t\u00eb v\u00ebrteta, por edhe n\u00eb zem\u00ebr t\u00eb besimit q\u00eb qytetar\u00ebt kan\u00eb ndaj institucioneve. \u00cbsht\u00eb e domosdoshme q\u00eb ky profesion t\u00eb rinovohet me breza t\u00eb rinj, t\u00eb p\u00ebrgatitur dhe t\u00eb p\u00ebrkushtuar. N\u00eb em\u00ebr t\u00eb Ministris\u00eb s\u00eb Brendshme, dua t\u2019ju siguroj se t\u00eb gjith\u00eb ata q\u00eb zgjedhin k\u00ebt\u00eb rrug\u00eb do t\u00eb ken\u00eb mb\u00ebshtetjen e plot\u00eb p\u00ebr nj\u00eb trajnim t\u00eb denj\u00eb, p\u00ebr nj\u00eb karrier\u00eb t\u00eb drejt\u00eb dhe p\u00ebr nj\u00eb mund\u00ebsi reale p\u00ebr t\u00eb ndikuar pozitivisht n\u00eb jet\u00ebn e vendit ton\u00eb,\u201d p\u00ebrfundon mesazhin Ministri i Brendsh\u00ebm, Ervin Hoxha.<\/p>\n<\/div>\n","protected":false},"excerpt":{"rendered":"<p>Ministri i Brendsh\u00ebm, Ervin Hoxha, ftoi t\u00eb rinjt\u00eb e t\u00eb rejat, q\u00eb p\u00ebrfundojn\u00eb matur\u00ebn, t\u00eb aplikojn\u00eb n\u00eb Akademin\u00eb e Siguris\u00eb, gjat\u00eb nj\u00eb vizite q\u00eb zhvilloi n\u00eb ambjentet e k\u00ebtij institucioni. I shoq\u00ebruar nga Rektori i AS-s\u00eb,\u00a0Ilirjan Mandro, ministri Hoxha pa nga af\u00ebr masat e marra p\u00ebr vitin e ri akademik dhe p\u00ebr procesin e p\u00ebrzgjedhjes [&hellip;]<\/p>\n","protected":false},"author":5,"featured_media":78518,"comment_status":"closed","ping_status":"closed","sticky":false,"template":"","format":"standard","meta":{"footnotes":""},"categories":[1,6332,29228],"tags":[36824,36823],"class_list":{"0":"post-88715","1":"post","2":"type-post","3":"status-publish","4":"format-standard","5":"has-post-thumbnail","7":"category-aktualitet","8":"category-te-fundit","9":"category-vendi","10":"tag-jane-150-kuota-te-reja","11":"tag-ministri-hoxha-u-ben-apel-te-rinjve-per-tiu-bashkuar-akademise-se-sigurise"},"_links":{"self":[{"href":"https:\/\/jugulajm.net\/index.php?rest_route=\/wp\/v2\/posts\/88715","targetHints":{"allow":["GET"]}}],"collection":[{"href":"https:\/\/jugulajm.net\/index.php?rest_route=\/wp\/v2\/posts"}],"about":[{"href":"https:\/\/jugulajm.net\/index.php?rest_route=\/wp\/v2\/types\/post"}],"author":[{"embeddable":true,"href":"https:\/\/jugulajm.net\/index.php?rest_route=\/wp\/v2\/users\/5"}],"replies":[{"embeddable":true,"href":"https:\/\/jugulajm.net\/index.php?rest_route=%2Fwp%2Fv2%2Fcomments&post=88715"}],"version-history":[{"count":1,"href":"https:\/\/jugulajm.net\/index.php?rest_route=\/wp\/v2\/posts\/88715\/revisions"}],"predecessor-version":[{"id":88716,"href":"https:\/\/jugulajm.net\/index.php?rest_route=\/wp\/v2\/posts\/88715\/revisions\/88716"}],"wp:featuredmedia":[{"embeddable":true,"href":"https:\/\/jugulajm.net\/index.php?rest_route=\/wp\/v2\/media\/78518"}],"wp:attachment":[{"href":"https:\/\/jugulajm.net\/index.php?rest_route=%2Fwp%2Fv2%2Fmedia&parent=88715"}],"wp:term":[{"taxonomy":"category","embeddable":true,"href":"https:\/\/jugulajm.net\/index.php?rest_route=%2Fwp%2Fv2%2Fcategories&post=88715"},{"taxonomy":"post_tag","embeddable":true,"href":"https:\/\/jugulajm.net\/index.php?rest_route=%2Fwp%2Fv2%2Ftags&post=88715"}],"curies":[{"name":"wp","href":"https:\/\/api.w.org\/{rel}","templated":true}]}}