{"id":88696,"date":"2025-06-23T18:48:39","date_gmt":"2025-06-23T16:48:39","guid":{"rendered":"https:\/\/jugulajm.net\/?p=88696"},"modified":"2025-06-23T18:48:39","modified_gmt":"2025-06-23T16:48:39","slug":"arrestohet-33-vjecari-pas-7-vitesh-ne-arrati-akuzohet-per","status":"publish","type":"post","link":"https:\/\/jugulajm.net\/?p=88696","title":{"rendered":"Arrestohet 33-vje\u00e7ari pas 7 vitesh n\u00eb arrati, akuzohet p\u00ebr&#8230;"},"content":{"rendered":"<p>Nj\u00eb 33-vje\u00e7ar shqiptar u arrestua n\u00eb Shqip\u00ebri pasi u arratis nga San Cipriano d\u2019Aversa\u00a0n\u00eb vitin 2018. Personi, i d\u00ebnuar me\u00a08 vjet\u00a0e\u00a06 muaj\u00a0burg, u shpall p\u00ebrgjegj\u00ebs p\u00ebr\u00a0tentativ\u00eb vrasjeje\u00a0dhe\u00a0komplot kriminal\u00a0p\u00ebr t\u00eb kryer\u00a0grabitje t\u00eb armatosur. Arrestimi erdhi pas nj\u00eb hetimi q\u00eb zgjati rreth dy vjet.<\/p>\n<p>Ai ishte pjes\u00eb e nj\u00eb shoqate t\u00eb specializuar n\u00eb\u00a0grabitje t\u00eb armatosura\u00a0n\u00eb sht\u00ebpi midis provincave t\u00eb\u00a0Napolit\u00a0dhe\u00a0Casert\u00ebs.<\/p>\n<p>Ai u d\u00ebnua p\u00ebr nj\u00eb sulm ndaj nj\u00eb biznesmeni t\u00eb njohur n\u00eb zon\u00ebn e Napolit. Gjat\u00eb\u00a0grabitjes, nj\u00eb fqinj, nj\u00eb an\u00ebtar i forcave policore, ngriti alarmin, duke shkaktuar nj\u00eb shk\u00ebmbim zjarri n\u00eb t\u00eb cilin u plagos nj\u00eb nga an\u00ebtar\u00ebt e komandos.<\/p>\n<p>N\u00eb drit\u00ebn e fakteve, shqiptari ishte vendosur n\u00eb arrest sht\u00ebpiak, nga i cili u arratis n\u00eb muajt e par\u00eb t\u00eb\u00a0vitit 2018, duke u zhdukur pa l\u00ebn\u00eb gjurm\u00eb.<\/p>\n<p>Hetimet e Policis\u00eb s\u00eb Shtetit rind\u00ebrtuan rrug\u00ebn e tij si i arratisur, duke e lokalizuar at\u00eb n\u00eb Shqip\u00ebri, duke lejuar k\u00ebshtu zgjerimin e urdh\u00ebr-arrestit n\u00eb nj\u00eb nivel nd\u00ebrkomb\u00ebtar.<\/p>\n<p>Hetimi, i cili \u00e7oi n\u00eb kapjen e t\u00eb k\u00ebrkuarit, u krye nga Policia e Casert\u00ebs dhe Sh\u00ebrbimi Qendror i Operacioneve, me koordinimin e Zyr\u00ebs s\u00eb Prokurorit t\u00eb P\u00ebrgjithsh\u00ebm n\u00eb Gjykat\u00ebn e Apelit t\u00eb Napolit, si dhe nga Drejtoria e Policis\u00eb s\u00eb Tiran\u00ebs dhe Interpol Tirana.<\/p>\n<p>Gjithashtu u zhvillua bashk\u00ebpunim me Divizionin e 2-t\u00eb dhe Zyr\u00ebn e Ekspertit t\u00eb Siguris\u00eb n\u00eb Shqip\u00ebri t\u00eb Drejtoris\u00eb Qendrore t\u00eb Policis\u00eb Kriminale \u2013 Sh\u00ebrbimi p\u00ebr Bashk\u00ebpunim Policor Nd\u00ebrkomb\u00ebtar , i cili aktivizoi Sekretariatin e P\u00ebrgjithsh\u00ebm t\u00eb Interpolit p\u00ebr p\u00ebrhapjen e k\u00ebrkimeve n\u00eb nivel nd\u00ebrkomb\u00ebtar.<\/p>\n<p>Aktivitetet e k\u00ebrkimit p\u00ebr personin e arrestuar jan\u00eb pjes\u00eb e nj\u00eb projekti m\u00eb t\u00eb gjer\u00eb t\u00eb quajtur \u201cK\u00ebrkohet 2025\u201d, q\u00eb synon gjetjen dhe kapjen e individ\u00ebve me r\u00ebnd\u00ebsi t\u00eb lart\u00eb kriminale n\u00eb bashk\u00ebpunim me autoritetet policore t\u00eb huaja.<\/p>\n<p>Ky projekt synon t\u00eb forcoj\u00eb bashk\u00ebpunimin nd\u00ebrkomb\u00ebtar n\u00eb luft\u00ebn kund\u00ebr krimit t\u00eb organizuar.<\/p>\n","protected":false},"excerpt":{"rendered":"<p>Nj\u00eb 33-vje\u00e7ar shqiptar u arrestua n\u00eb Shqip\u00ebri pasi u arratis nga San Cipriano d\u2019Aversa\u00a0n\u00eb vitin 2018. Personi, i d\u00ebnuar me\u00a08 vjet\u00a0e\u00a06 muaj\u00a0burg, u shpall p\u00ebrgjegj\u00ebs p\u00ebr\u00a0tentativ\u00eb vrasjeje\u00a0dhe\u00a0komplot kriminal\u00a0p\u00ebr t\u00eb kryer\u00a0grabitje t\u00eb armatosur. Arrestimi erdhi pas nj\u00eb hetimi q\u00eb zgjati rreth dy vjet. Ai ishte pjes\u00eb e nj\u00eb shoqate t\u00eb specializuar n\u00eb\u00a0grabitje t\u00eb armatosura\u00a0n\u00eb sht\u00ebpi midis [&hellip;]<\/p>\n","protected":false},"author":5,"featured_media":69615,"comment_status":"closed","ping_status":"closed","sticky":false,"template":"","format":"standard","meta":{"footnotes":""},"categories":[1,6332,29228],"tags":[34811,36815],"class_list":{"0":"post-88696","1":"post","2":"type-post","3":"status-publish","4":"format-standard","5":"has-post-thumbnail","7":"category-aktualitet","8":"category-te-fundit","9":"category-vendi","10":"tag-akuzohet-per","11":"tag-arrestohet-33-vjecari-pas-7-vitesh-ne-arrati"},"_links":{"self":[{"href":"https:\/\/jugulajm.net\/index.php?rest_route=\/wp\/v2\/posts\/88696","targetHints":{"allow":["GET"]}}],"collection":[{"href":"https:\/\/jugulajm.net\/index.php?rest_route=\/wp\/v2\/posts"}],"about":[{"href":"https:\/\/jugulajm.net\/index.php?rest_route=\/wp\/v2\/types\/post"}],"author":[{"embeddable":true,"href":"https:\/\/jugulajm.net\/index.php?rest_route=\/wp\/v2\/users\/5"}],"replies":[{"embeddable":true,"href":"https:\/\/jugulajm.net\/index.php?rest_route=%2Fwp%2Fv2%2Fcomments&post=88696"}],"version-history":[{"count":1,"href":"https:\/\/jugulajm.net\/index.php?rest_route=\/wp\/v2\/posts\/88696\/revisions"}],"predecessor-version":[{"id":88697,"href":"https:\/\/jugulajm.net\/index.php?rest_route=\/wp\/v2\/posts\/88696\/revisions\/88697"}],"wp:featuredmedia":[{"embeddable":true,"href":"https:\/\/jugulajm.net\/index.php?rest_route=\/wp\/v2\/media\/69615"}],"wp:attachment":[{"href":"https:\/\/jugulajm.net\/index.php?rest_route=%2Fwp%2Fv2%2Fmedia&parent=88696"}],"wp:term":[{"taxonomy":"category","embeddable":true,"href":"https:\/\/jugulajm.net\/index.php?rest_route=%2Fwp%2Fv2%2Fcategories&post=88696"},{"taxonomy":"post_tag","embeddable":true,"href":"https:\/\/jugulajm.net\/index.php?rest_route=%2Fwp%2Fv2%2Ftags&post=88696"}],"curies":[{"name":"wp","href":"https:\/\/api.w.org\/{rel}","templated":true}]}}