{"id":88577,"date":"2025-06-19T18:12:14","date_gmt":"2025-06-19T16:12:14","guid":{"rendered":"https:\/\/jugulajm.net\/?p=88577"},"modified":"2025-06-19T18:12:14","modified_gmt":"2025-06-19T16:12:14","slug":"video-presidenti-i-italise-vlereson-maksimalisht-policine-shqiptare-dekoron-me-titujt-kalores-i-urdhrit-te-yllit-te-italise-2-drejtues-te-saj","status":"publish","type":"post","link":"https:\/\/jugulajm.net\/?p=88577","title":{"rendered":"VIDEO\/ Presidenti i Italis\u00eb vler\u00ebson maksimalisht Policin\u00eb Shqiptare, dekoron me titujt \u201cKalor\u00ebs i Urdhrit t\u00eb Yllit t\u00eb Italis\u00eb\u201d 2 drejtues t\u00eb saj"},"content":{"rendered":"<p>Presidenti i Republik\u00ebs s\u00eb Italis\u00eb, Sergio Mattarella, ka dekoruar me titullin \u201cKalor\u00ebs i Urdhrit t\u00eb Yllit t\u00eb Italis\u00eb\u201d, drejtorin e Departamentit t\u00eb Policis\u00eb Kriminale dhe drejtorin e Drejtoris\u00eb s\u00eb Antiterrorit, kryepolic\u00ebt Neritan Nallbati dhe Alban Dutaj.<\/p>\n<p>Ceremonia e nderimit u zhvillua n\u00eb ambientet e Ambasad\u00ebs s\u00eb Italis\u00eb dhe titujt e akorduar iu dor\u00ebzuan drejtuesve t\u00eb lart\u00eb t\u00eb Policis\u00eb Shqiptare nga ambasadori Marco Alberti. Titujt jan\u00eb vler\u00ebsim i lart\u00eb p\u00ebr kontributin q\u00eb ata kan\u00eb dh\u00ebn\u00eb strukturat respektive t\u00eb Policis\u00eb s\u00eb Shtetit, n\u00eb marr\u00ebdh\u00ebniet policore bilaterale dhe n\u00eb luft\u00ebn kund\u00ebr krimit t\u00eb organizuar.<\/p>\n<p>Konkretisht, Neritan Nallbati u vler\u00ebsua p\u00ebr kontributin e tij vendimtar n\u00eb forcimin e marr\u00ebdh\u00ebnieve mes Italis\u00eb dhe Shqip\u00ebris\u00eb, p\u00ebrmes veprimtarive t\u00eb p\u00ebrbashk\u00ebta operative, krijimit t\u00eb skuadrave t\u00eb p\u00ebrbashk\u00ebta hetimore dhe ndalimit t\u00eb shtetasve t\u00eb rreziksh\u00ebm, n\u00eb k\u00ebrkim nga drejt\u00ebsia italiane.<\/p>\n<p>Kurse Alban Dautaj u vler\u00ebsua me motivacionin, bashk\u00ebpunim i p\u00ebrditsh\u00ebm me Policis\u00eb italiane, kontribut n\u00eb luft\u00ebn kund\u00ebr terrorizmit nd\u00ebrkomb\u00ebtar dhe krijim t\u00eb grupit trepal\u00ebsh \u201cSk\u00ebnderbeg\u201d (nd\u00ebrmjet Shqip\u00ebris\u00eb, Italis\u00eb dhe Kosov\u00ebs, kund\u00ebr terrorizmit nd\u00ebrkomb\u00ebtar).<\/p>\n<p>Gjithashtu, kreu i Antiterrorit shqiptar \u00ebsht\u00eb pik\u00eb referimi p\u00ebr \u00e7\u00ebshtjet e siguris\u00eb dhe ka ndihmuar n\u00eb konsolidimin e marr\u00ebdh\u00ebnieve dypal\u00ebshe.<\/p>\n<p><em>\u201cPuna e p\u00ebrbashk\u00ebt midis Policis\u00eb italiane dhe asaj shqiptare \u00ebsht\u00eb nj\u00eb nga arsyet kryesore q\u00eb forcon bashk\u00ebpunimin mes dy vendeve tona. Dy drejtuesit q\u00eb sot marrin dekorat\u00ebn jan\u00eb elemente shum\u00eb t\u00eb r\u00ebnd\u00ebsishme t\u00eb Policis\u00eb s\u00eb Shtetit shqiptar, si dhe p\u00ebrfaq\u00ebsues t\u00eb \u00e7muar t\u00eb bashk\u00ebpunimit me Italin\u00eb. \u00cbsht\u00eb nj\u00eb nder i ve\u00e7ant\u00eb q\u00eb t\u2019iu dor\u00ebzojm\u00eb sot, k\u00ebto dekorata&#8221;,<\/em>\u00a0u shpreh ambasadori Alberti.<\/p>\n<p>Nd\u00ebrkoh\u00eb, kreu i Policis\u00eb Kriminale n\u00eb Policin\u00eb e Shtetit nuk i ka fshehur dot emocionet p\u00ebr vler\u00ebsimin e lart\u00eb.<\/p>\n<p><em>\u201cKy nderim nuk \u00ebsht\u00eb vet\u00ebm nj\u00eb vler\u00ebsim personal p\u00ebr mua, por mbi t\u00eb gjitha nj\u00eb mir\u00ebnjohje p\u00ebr skuadr\u00ebn e Policis\u00eb Kriminale dhe p\u00ebr bashk\u00ebpunimin e ve\u00e7ant\u00eb nd\u00ebrmjet strukturave t\u00eb Policis\u00eb s\u00eb Shtetit dhe atyre t\u00eb Policis\u00eb italiane. Nj\u00eb bashk\u00ebpunim i nd\u00ebrtuar mbi besim, profesionaliz\u00ebm, sinqeritet dhe p\u00ebrkushtim t\u00eb nd\u00ebrsjell\u00eb, q\u00eb \u00ebsht\u00eb konkretizuar me veprimtari t\u00eb p\u00ebrbashk\u00ebta n\u00eb terren dhe me p\u00ebrballje me sfida t\u00eb p\u00ebrbashk\u00ebta.<\/em><\/p>\n<p><em>Faleminderit nga zemra, Presidentit t\u00eb Italis\u00eb, p\u00ebr k\u00ebt\u00eb vler\u00ebsim, si dhe faleminderit Drejtorit t\u00eb P\u00ebrgjithsh\u00ebm, p\u00ebr mb\u00ebshtetjen n\u00eb forcimin e bashk\u00ebpunimit mes dy policive. Nj\u00eb fal\u00ebnderim i ve\u00e7ant\u00eb i shkon dhe familjes sime, q\u00eb ka p\u00ebrballuar me durim dhe sakrific\u00eb gjith\u00e7ka q\u00eb sjell jeta si oficer policie&#8221;,<\/em>\u00a0ka th\u00ebn\u00eb Neritan Nallbani.<\/p>\n<p>N\u00eb ceremoni ishin t\u00eb pranish\u00ebm Presidenti i Republik\u00ebs s\u00eb Shqip\u00ebris\u00eb, Bajram Begaj, Z\u00ebvend\u00ebsministri i Brendsh\u00ebm, Besfort Lamallari, Drejtori i P\u00ebrgjithsh\u00ebm i Policis\u00eb s\u00eb Shtetit, Ilir Proda, Rektori i Universitetit t\u00eb Tiran\u00ebs, Artan Hoxha, si dhe prokurori i SPAK, Adnan Xholi.<\/p>\n<p><em>\u201cKy titull vjen si finalizim i nj\u00eb marr\u00ebdh\u00ebnieje t\u00eb shk\u00eblqyer, t\u00eb nd\u00ebrtuar nd\u00ebr vite n\u00eb fush\u00ebn e siguris\u00eb dhe n\u00eb luft\u00ebn kund\u00ebr terrorizmit. Nj\u00eb fal\u00ebnderim i ve\u00e7ant\u00eb i shkon Zyr\u00ebs s\u00eb Interforc\u00ebs s\u00eb Ambasad\u00ebs Italiane, t\u00eb kryesuar nga miku im i ve\u00e7ant\u00eb, z. Gava, p\u00ebr bashk\u00ebpunimin e shk\u00eblqyer n\u00eb shk\u00ebmbimin e shpejt\u00eb t\u00eb informacionit, realizimin e operacioneve t\u00eb p\u00ebrbashk\u00ebta dhe funksionimin shembullor t\u00eb grupit operacional \u201cSk\u00ebnderbeg\u201d, tashm\u00eb nj\u00eb histori suksesi. Nj\u00eb fal\u00ebnderim shkon dhe p\u00ebr Drejtorin e P\u00ebrgjithsh\u00ebm, p\u00ebr mb\u00ebshtetjen, vler\u00ebsimin dhe motivimin q\u00eb na jep p\u00ebr p\u00ebrmbushjen e misionit&#8221;,<\/em>\u00a0ka th\u00ebn\u00eb Alban Dautaj.<\/p>\n<p>Policia e Shtetit mbetet maksimalisht e angazhuar, p\u00ebr t\u00eb vijuar bashk\u00ebpunimin solid dhe shum\u00ebdimensional me partner\u00ebt italian\u00eb, p\u00ebr p\u00ebrmbushjen e objektivave madhor\u00eb, goditjen e krimit t\u00eb organizuar, kapjen e shtetasve t\u00eb shpallur n\u00eb k\u00ebrkim dhe garantimin e siguris\u00eb s\u00eb qytetar\u00ebve t\u00eb t\u00eb dyja vendeve.<\/p>\n<div>\n<div class=\"kodiim\" data-mce-contenteditable=\"false\"><iframe loading=\"lazy\" src=\"https:\/\/www.facebook.com\/plugins\/video.php?height=314&amp;href=https%3A%2F%2Fwww.facebook.com%2Fpoliciashtetitshqiptar%2Fvideos%2F1383151076303316%2F&amp;show_text=false&amp;width=560&amp;t=0\" width=\"560\" height=\"314\" frameborder=\"0\" scrolling=\"no\" allowfullscreen=\"allowfullscreen\" data-mce-fragment=\"1\"><\/iframe><\/div>\n<\/div>\n","protected":false},"excerpt":{"rendered":"<p>Presidenti i Republik\u00ebs s\u00eb Italis\u00eb, Sergio Mattarella, ka dekoruar me titullin \u201cKalor\u00ebs i Urdhrit t\u00eb Yllit t\u00eb Italis\u00eb\u201d, drejtorin e Departamentit t\u00eb Policis\u00eb Kriminale dhe drejtorin e Drejtoris\u00eb s\u00eb Antiterrorit, kryepolic\u00ebt Neritan Nallbati dhe Alban Dutaj. Ceremonia e nderimit u zhvillua n\u00eb ambientet e Ambasad\u00ebs s\u00eb Italis\u00eb dhe titujt e akorduar iu dor\u00ebzuan drejtuesve t\u00eb [&hellip;]<\/p>\n","protected":false},"author":5,"featured_media":88578,"comment_status":"closed","ping_status":"closed","sticky":false,"template":"","format":"standard","meta":{"footnotes":""},"categories":[1,6332],"tags":[36760,36759],"class_list":{"0":"post-88577","1":"post","2":"type-post","3":"status-publish","4":"format-standard","5":"has-post-thumbnail","7":"category-aktualitet","8":"category-te-fundit","9":"tag-dekoron-me-titujt-kalores-i-urdhrit-te-yllit-te-italise-2-drejtues-te-saj","10":"tag-video-presidenti-i-italise-vlereson-maksimalisht-policine-shqiptare"},"_links":{"self":[{"href":"https:\/\/jugulajm.net\/index.php?rest_route=\/wp\/v2\/posts\/88577","targetHints":{"allow":["GET"]}}],"collection":[{"href":"https:\/\/jugulajm.net\/index.php?rest_route=\/wp\/v2\/posts"}],"about":[{"href":"https:\/\/jugulajm.net\/index.php?rest_route=\/wp\/v2\/types\/post"}],"author":[{"embeddable":true,"href":"https:\/\/jugulajm.net\/index.php?rest_route=\/wp\/v2\/users\/5"}],"replies":[{"embeddable":true,"href":"https:\/\/jugulajm.net\/index.php?rest_route=%2Fwp%2Fv2%2Fcomments&post=88577"}],"version-history":[{"count":1,"href":"https:\/\/jugulajm.net\/index.php?rest_route=\/wp\/v2\/posts\/88577\/revisions"}],"predecessor-version":[{"id":88579,"href":"https:\/\/jugulajm.net\/index.php?rest_route=\/wp\/v2\/posts\/88577\/revisions\/88579"}],"wp:featuredmedia":[{"embeddable":true,"href":"https:\/\/jugulajm.net\/index.php?rest_route=\/wp\/v2\/media\/88578"}],"wp:attachment":[{"href":"https:\/\/jugulajm.net\/index.php?rest_route=%2Fwp%2Fv2%2Fmedia&parent=88577"}],"wp:term":[{"taxonomy":"category","embeddable":true,"href":"https:\/\/jugulajm.net\/index.php?rest_route=%2Fwp%2Fv2%2Fcategories&post=88577"},{"taxonomy":"post_tag","embeddable":true,"href":"https:\/\/jugulajm.net\/index.php?rest_route=%2Fwp%2Fv2%2Ftags&post=88577"}],"curies":[{"name":"wp","href":"https:\/\/api.w.org\/{rel}","templated":true}]}}