{"id":88565,"date":"2025-06-19T13:35:50","date_gmt":"2025-06-19T11:35:50","guid":{"rendered":"https:\/\/jugulajm.net\/?p=88565"},"modified":"2025-06-19T13:35:50","modified_gmt":"2025-06-19T11:35:50","slug":"emri-foto-greqi-zhduket-16-vjecarja-shqiptare-nena-hedh-dyshime-se","status":"publish","type":"post","link":"https:\/\/jugulajm.net\/?p=88565","title":{"rendered":"EMRI-FOTO\/ Greqi, zhduket 16-vje\u00e7arja shqiptare, n\u00ebna hedh dyshime se&#8230;"},"content":{"rendered":"<p>Nj\u00eb 16-vje\u00e7are shqiptare prej kat\u00ebr dit\u00ebsh \u00ebsht\u00eb zhdukur pa l\u00ebn\u00eb gjurm\u00eb n\u00eb Greqi. Adoleshentja \u00ebsht\u00eb identifikuar si\u00a0Emilia Veliu. Ajo \u00ebsht\u00eb zhdukur pas nj\u00eb sh\u00ebtitjeje m\u00eb shoqen e saj m\u00eb dat\u00eb 16 qershor.<\/p>\n<p>Sipas n\u00ebn\u00ebs s\u00eb vajz\u00ebs, e cila foli p\u00ebr\u00a0protothema.gr,\u00a0e mitura doli p\u00ebr nj\u00eb sh\u00ebtitje me shoqet e saj dhe nuk u kthye m\u00eb n\u00eb sht\u00ebpi. Frika dhe ankthi i prind\u00ebrve t\u00eb 16-vje\u00e7ares\u00a0Emilia\u00a0se f\u00ebmija i tyre \u00ebsht\u00eb n\u00eb rrezik po rritet dita-dit\u00ebs, pasi 16-vje\u00e7arja nuk ka komunikuar me familjen e saj deri m\u00eb sot.<\/p>\n<p>N\u00ebna m\u00eb tej b\u00ebri me dije se nga telefoni i saj ka ardhur n\u00eb mesazh ku shkruhet se vajza nuk do t\u00eb kthehet m\u00eb n\u00eb sht\u00ebpi. Ajo shtoi se ka frik\u00eb se pas mesazhit fshihet ndonj\u00eb person tjet\u00ebr q\u00eb do t\u00eb d\u00ebmtoj\u00eb t\u00eb mitur\u00ebn.<\/p>\n<p><em>Nuk kam d\u00ebgjuar m\u00eb nga vajza ime q\u00eb nga nata e s\u00eb h\u00ebn\u00ebs kur ajo u zhduk. M\u00eb tha se do t\u00eb dilte me shoqet e saj p\u00ebr nj\u00eb sh\u00ebtitje dhe q\u00eb at\u00ebher\u00eb nuk \u00ebsht\u00eb kthyer n\u00eb sht\u00ebpi. Kur pash\u00eb se po vonohej t\u00eb kthehej nga sh\u00ebtitja, u shqet\u00ebsova dhe komunikimet tona t\u00eb fundit ishin n\u00ebp\u00ebrmjet mesazheve n\u00eb celularin e saj.<\/em><\/p>\n<div id=\"rekl-42\"><\/div>\n<div id=\"rekl-57\"><\/div>\n<p><em>Mesazhi i fundit ishte se &#8220;Nuk do t\u00eb kthehem m\u00eb n\u00eb sht\u00ebpi&#8221;. Jam shum\u00eb e shqet\u00ebsuar p\u00ebr fatin e f\u00ebmij\u00ebs tim p\u00ebr momentin, telefoni i saj celular \u00ebsht\u00eb i \u00e7aktivizuar, kam frik\u00eb se duhet t\u00eb jet\u00eb p\u00ebrfshir\u00eb me shoqe t\u00eb k\u00ebqija, sepse nuk ka dal\u00eb kurr\u00eb me shoqet dhe shoqet e saj, si\u00e7 m\u00eb kishte th\u00ebn\u00eb. Dhe mesazhi q\u00eb d\u00ebrgoi se &#8220;Nuk do t\u00eb kthehem m\u00eb n\u00eb sht\u00ebpi&#8221;, besoj se fshihet nj\u00eb person tjet\u00ebr q\u00eb d\u00ebshiron ta d\u00ebmtoj\u00eb. Dua t\u00eb zbuloj informacione p\u00ebr vajz\u00ebn time, po e k\u00ebrkoj kudo dhe dua q\u00eb ajo t\u00eb kthehet p\u00ebrs\u00ebri n\u00eb sht\u00ebpin\u00eb ton\u00eb.&#8221;<\/em>\u00a0tha n\u00ebna e vajz\u00ebs.<\/p>\n<p>Autoritete greke u b\u00ebjn\u00eb thirrje qytetar\u00ebve t\u00eb telefonojn\u00eb n\u00eb numrin\u00a0116000\u00a0si dhe n\u00eb t\u00eb gjitha drejtorit\u00eb e policis\u00eb n\u00eb vend, n\u00ebse kan\u00eb informacion p\u00ebr vendndodhjen e Emilias. T\u00eb af\u00ebrmit e adoleshentes kan\u00eb publikuar gjithashtu njoftimin e zhdukjes s\u00eb 16-vje\u00e7ares n\u00eb rrjetet e tyre sociale Facebook dhe Instagram. Halla e adoleshentes shkruan se policia greke e ka shpallur t\u00eb rr\u00ebmbyer Emilian.<\/p>\n<p>Emilia ka flok\u00eb t\u00eb kuq, sy kafe, \u00ebsht\u00eb 1.70 e gjat\u00eb dhe peshon 65 kilogram\u00eb. Dit\u00ebn q\u00eb u zhduk, ajo mbante veshur xhinse t\u00eb zeza, nj\u00eb bluz\u00eb t\u00eb zez\u00eb pa m\u00ebng\u00eb, syze\u00a0 dhe mbante n\u00eb dor\u00eb nj\u00eb \u00e7ant\u00eb ngjyr\u00eb vishnje.<\/p>\n","protected":false},"excerpt":{"rendered":"<p>Nj\u00eb 16-vje\u00e7are shqiptare prej kat\u00ebr dit\u00ebsh \u00ebsht\u00eb zhdukur pa l\u00ebn\u00eb gjurm\u00eb n\u00eb Greqi. Adoleshentja \u00ebsht\u00eb identifikuar si\u00a0Emilia Veliu. Ajo \u00ebsht\u00eb zhdukur pas nj\u00eb sh\u00ebtitjeje m\u00eb shoqen e saj m\u00eb dat\u00eb 16 qershor. Sipas n\u00ebn\u00ebs s\u00eb vajz\u00ebs, e cila foli p\u00ebr\u00a0protothema.gr,\u00a0e mitura doli p\u00ebr nj\u00eb sh\u00ebtitje me shoqet e saj dhe nuk u kthye m\u00eb n\u00eb [&hellip;]<\/p>\n","protected":false},"author":5,"featured_media":88566,"comment_status":"closed","ping_status":"closed","sticky":false,"template":"","format":"standard","meta":{"footnotes":""},"categories":[1,6332],"tags":[25533,36752,36751],"class_list":{"0":"post-88565","1":"post","2":"type-post","3":"status-publish","4":"format-standard","5":"has-post-thumbnail","7":"category-aktualitet","8":"category-te-fundit","9":"tag-emri-foto-greqi","10":"tag-nena-hedh-dyshime-se","11":"tag-zhduket-16-vjecarja-shqiptare"},"_links":{"self":[{"href":"https:\/\/jugulajm.net\/index.php?rest_route=\/wp\/v2\/posts\/88565","targetHints":{"allow":["GET"]}}],"collection":[{"href":"https:\/\/jugulajm.net\/index.php?rest_route=\/wp\/v2\/posts"}],"about":[{"href":"https:\/\/jugulajm.net\/index.php?rest_route=\/wp\/v2\/types\/post"}],"author":[{"embeddable":true,"href":"https:\/\/jugulajm.net\/index.php?rest_route=\/wp\/v2\/users\/5"}],"replies":[{"embeddable":true,"href":"https:\/\/jugulajm.net\/index.php?rest_route=%2Fwp%2Fv2%2Fcomments&post=88565"}],"version-history":[{"count":1,"href":"https:\/\/jugulajm.net\/index.php?rest_route=\/wp\/v2\/posts\/88565\/revisions"}],"predecessor-version":[{"id":88567,"href":"https:\/\/jugulajm.net\/index.php?rest_route=\/wp\/v2\/posts\/88565\/revisions\/88567"}],"wp:featuredmedia":[{"embeddable":true,"href":"https:\/\/jugulajm.net\/index.php?rest_route=\/wp\/v2\/media\/88566"}],"wp:attachment":[{"href":"https:\/\/jugulajm.net\/index.php?rest_route=%2Fwp%2Fv2%2Fmedia&parent=88565"}],"wp:term":[{"taxonomy":"category","embeddable":true,"href":"https:\/\/jugulajm.net\/index.php?rest_route=%2Fwp%2Fv2%2Fcategories&post=88565"},{"taxonomy":"post_tag","embeddable":true,"href":"https:\/\/jugulajm.net\/index.php?rest_route=%2Fwp%2Fv2%2Ftags&post=88565"}],"curies":[{"name":"wp","href":"https:\/\/api.w.org\/{rel}","templated":true}]}}