{"id":88498,"date":"2025-06-16T20:17:52","date_gmt":"2025-06-16T18:17:52","guid":{"rendered":"https:\/\/jugulajm.net\/?p=88498"},"modified":"2025-06-16T20:31:59","modified_gmt":"2025-06-16T18:31:59","slug":"plas-konflikti-mes-golemit-dhe-pdh-ky-i-fundit-i-kerkon-te-heqe-nga-bashkia-njerezit-e-termet-pecit","status":"publish","type":"post","link":"https:\/\/jugulajm.net\/?p=88498","title":{"rendered":"PLAS konflikti mes Golemit dhe PDH, ky i fundit i k\u00ebrkon t\u00eb heq\u00eb nga bashkia njer\u00ebzit e T\u00ebrmet Pe\u00e7it"},"content":{"rendered":"<p>Posht\u00ebrimi me vota q\u00eb i b\u00ebri T\u00ebrmet Pe\u00e7i, PDH t\u00eb Kumbaros, nuk po p\u00ebrtypet dot nga ky i fundit.<\/p>\n<p>M\u00ebsohet se ka dhjet\u00eb dit\u00eb q\u00eb personi q\u00eb u mor nga rruga prej Kumbaros dhe u katapultua p\u00ebr deputet, pa votuar nj\u00eb her\u00eb t\u00eb vetme PS n\u00eb jet\u00ebn e vet, po i b\u00ebn presion t\u00eb p\u00ebrditsh\u00ebm kryebashkiakut te Gjirokastr\u00ebs, Flamur Golemit, p\u00ebr t\u00eb hequr nga puna pjestar\u00eb t\u00eb administrat\u00ebs bashkiake, q\u00eb nuk votuan p\u00ebr t\u00eb, apo q\u00eb kishin dal\u00eb haptazi n\u00eb mb\u00ebshtetje t\u00eb T\u00ebrmet Pe\u00e7it.<\/p>\n<p>Jav\u00ebn e kaluar PDH i Kumbaros, \u00ebsht\u00eb takuar pothuajse p\u00ebrdit\u00eb me kryebashkiakun gjirokastrit, si e si p\u00ebr t\u2019i mbushur mendjen q\u00eb njer\u00ebzit e T\u00ebrmet Pe\u00e7it, sidomos ata nga Picari (origjina e T\u00ebrmet Pe\u00e7it) t\u00eb q\u00ebrrohen nga borderoja e Bashkis\u00eb s\u00eb Gjirokastr\u00ebs.<\/p>\n<p>N\u00eb nj\u00eb moment, dialogu mes PDH dhe Golemit ka qen\u00eb i till\u00eb bazuar mbi t\u00eb dh\u00ebnat e d\u00eashmitarit &#8220;X&#8221;, q\u00eb ka qen\u00eb i pranish\u00ebm:<\/p>\n<p><strong>PDH-Flamur (n\u00eb fushat\u00eb i fliste kryetar) mi q\u00ebrro k\u00ebta leb\u00ebrit e T\u00ebrmetit, q\u00eb ke n\u00eb bashki se ata nuk d\u00ebgjuan hall\u00ebn (Mirel\u00ebn) dhe as ty p\u00ebr t\u00eb m\u00eb votuar mua, madje t\u00eb kam th\u00ebn\u00eb dhe e di dhe vet\u00eb q\u00eb ishin kund\u00ebr meje.<\/strong><\/p>\n<p><strong>Flamuri-O PDH, nuk b\u00ebhen k\u00ebto gj\u00ebra sipas oreksit t\u00ebnd. Ata jan\u00eb an\u00ebtar\u00eb partie, socialist\u00eb me far\u00eb e me rr\u00ebnj\u00eb. Nuk mundemi t\u2019i heqim nga puna pa arsye. <\/strong><\/p>\n<p><strong>PDH-Opo k\u00ebshtu si\u00e7 t\u00eb them un\u00eb, mi q\u00ebrro leb\u00ebrit e T\u00ebrmetit, tepelenasit q\u00eb na zur\u00ebn frym\u00ebn. Po t\u00eb jap list\u00ebn urdh\u00ebro.<\/strong><\/p>\n<p><strong>Flamuri-\u00c7a \u00ebsht\u00eb kjo?<\/strong><\/p>\n<p><strong>PDH-Lista e personave q\u00eb do t\u2019i heq\u00ebsh nga bashkia.<\/strong><\/p>\n<p><strong>Flamuri lexon list\u00ebn me emrat A.M, T.S, M.L, SH.H, B.B, etj etj<\/strong><\/p>\n<p><strong>PDH-Si\u00e7 t\u00eb thash\u00eb k\u00ebta jan\u00eb personat q\u00eb m\u00eb kan\u00eb luftuar dhe halla (Mirela) i do t\u00eb hequr nga puna.<\/strong><\/p>\n<p><strong>Flamuri-Mir\u00eb mo mir\u00eb, por k\u00ebta nuk votuan PD por PS q\u00eb t\u00eb b\u00ebri ty deputet.<\/strong><\/p>\n<p><strong>PDH-O Flamur d\u00ebgjon ca po them, hiqi nuk dua t\u2019i shikoj n\u00eb pun\u00eb m\u00eb.<\/strong><\/p>\n<p><strong>Flamuri merr telefonin dhe b\u00ebn sms.<\/strong><\/p>\n<p>Pra ky dialog mes nj\u00eb vart\u00ebsi dhe shefi, ka ndryshuar rolet pas 11 majit dhe kjo n\u00eb favor t\u00eb PDH t\u00eb Kumbaros.<\/p>\n<p>Tashm\u00eb kur opozita nuk ekziston m\u00eb n\u00eb Shqip\u00ebri, mbetet q\u00eb mes socialist\u00ebve t\u00eb ket\u00eb opozit\u00eb me nj\u00ebri-tjetrin dhe lufta brenda llojit p\u00ebrher\u00eb p\u00ebrfundon n\u00eb fatalitet politik. Nd\u00ebrsa orekset e PDH p\u00ebr t\u00eb zhdukur T\u00ebrmet Pe\u00e7in nga skena politike me urdh\u00ebr nga Kumbaro me soj-soj kontrollesh nga SPAK n\u00eb Bashkin\u00eb e Tepelen\u00ebs, me lloj e soj inskenimesh nga m\u00eb perverse, q\u00eb kishin p\u00ebr q\u00ebllim fundin tragjik t\u00eb familjes s\u00eb Pe\u00e7it, jan\u00eb tipike bolshevike dhe inspirim i nj\u00eb tagjie, q\u00eb ushqen p\u00ebrdit\u00eb njer\u00ebz pa skrupuj moral\u00eb e politik\u00eb.<\/p>\n<p>K\u00ebtu do jemi dhe do shikojm\u00eb pasi kjo Gjirokast\u00ebr ka par\u00eb me mij\u00ebra Mirela, Fjamuj e sejmen\u00eb t\u00eb tyre rreth e rrotull nd\u00ebr shekuj.<\/p>\n","protected":false},"excerpt":{"rendered":"<p>Posht\u00ebrimi me vota q\u00eb i b\u00ebri T\u00ebrmet Pe\u00e7i, PDH t\u00eb Kumbaros, nuk po p\u00ebrtypet dot nga ky i fundit. M\u00ebsohet se ka dhjet\u00eb dit\u00eb q\u00eb personi q\u00eb u mor nga rruga prej Kumbaros dhe u katapultua p\u00ebr deputet, pa votuar nj\u00eb her\u00eb t\u00eb vetme PS n\u00eb jet\u00ebn e vet, po i b\u00ebn presion t\u00eb p\u00ebrditsh\u00ebm [&hellip;]<\/p>\n","protected":false},"author":5,"featured_media":88499,"comment_status":"closed","ping_status":"closed","sticky":false,"template":"","format":"standard","meta":{"footnotes":""},"categories":[6326,6332],"tags":[20213,31966],"class_list":{"0":"post-88498","1":"post","2":"type-post","3":"status-publish","4":"format-standard","5":"has-post-thumbnail","7":"category-politike","8":"category-te-fundit","9":"tag-flamur-golemi","10":"tag-mirela-kumbaro"},"_links":{"self":[{"href":"https:\/\/jugulajm.net\/index.php?rest_route=\/wp\/v2\/posts\/88498","targetHints":{"allow":["GET"]}}],"collection":[{"href":"https:\/\/jugulajm.net\/index.php?rest_route=\/wp\/v2\/posts"}],"about":[{"href":"https:\/\/jugulajm.net\/index.php?rest_route=\/wp\/v2\/types\/post"}],"author":[{"embeddable":true,"href":"https:\/\/jugulajm.net\/index.php?rest_route=\/wp\/v2\/users\/5"}],"replies":[{"embeddable":true,"href":"https:\/\/jugulajm.net\/index.php?rest_route=%2Fwp%2Fv2%2Fcomments&post=88498"}],"version-history":[{"count":2,"href":"https:\/\/jugulajm.net\/index.php?rest_route=\/wp\/v2\/posts\/88498\/revisions"}],"predecessor-version":[{"id":88501,"href":"https:\/\/jugulajm.net\/index.php?rest_route=\/wp\/v2\/posts\/88498\/revisions\/88501"}],"wp:featuredmedia":[{"embeddable":true,"href":"https:\/\/jugulajm.net\/index.php?rest_route=\/wp\/v2\/media\/88499"}],"wp:attachment":[{"href":"https:\/\/jugulajm.net\/index.php?rest_route=%2Fwp%2Fv2%2Fmedia&parent=88498"}],"wp:term":[{"taxonomy":"category","embeddable":true,"href":"https:\/\/jugulajm.net\/index.php?rest_route=%2Fwp%2Fv2%2Fcategories&post=88498"},{"taxonomy":"post_tag","embeddable":true,"href":"https:\/\/jugulajm.net\/index.php?rest_route=%2Fwp%2Fv2%2Ftags&post=88498"}],"curies":[{"name":"wp","href":"https:\/\/api.w.org\/{rel}","templated":true}]}}