{"id":88492,"date":"2025-06-16T18:09:41","date_gmt":"2025-06-16T16:09:41","guid":{"rendered":"https:\/\/jugulajm.net\/?p=88492"},"modified":"2025-06-16T18:09:41","modified_gmt":"2025-06-16T16:09:41","slug":"komuniteti-italian-nderon-gruan-shqiptare-te-vrare-nga-ish-bashkeshorti","status":"publish","type":"post","link":"https:\/\/jugulajm.net\/?p=88492","title":{"rendered":"Komuniteti italian nderon gruan shqiptare t\u00eb vrar\u00eb nga ish-bashk\u00ebshorti"},"content":{"rendered":"<p>Nj\u00eb stol i kuq me mbishkrimin \u201cN\u00eb kujtim t\u00eb Gentian\u00ebs\u201d \u00ebsht\u00eb vendosur n\u00eb Tolentino, n\u00eb vendin ku ndodhi nj\u00eb krim i r\u00ebnd\u00eb q\u00eb tronditi komunitetin: vrasja brutale e 45-vje\u00e7ares shqiptare Gentiana Hudhra nga ish-bashk\u00ebshorti i saj, Nikollaq Hudhra.<\/p>\n<p>Ngjarja ndodhi t\u00eb shtun\u00ebn mbr\u00ebma n\u00eb Viale Benadduci, ku autori, pas krimit, q\u00ebndroi ulur n\u00eb stol n\u00eb pritje t\u00eb policis\u00eb, nd\u00ebrsa kalimtar\u00ebt, p\u00ebrfshir\u00eb t\u00eb mitur, u b\u00ebn\u00eb d\u00ebshmitar\u00eb t\u00eb sken\u00ebs trondit\u00ebse. Gentiana, me profesion kujdestare, kishte raportuar m\u00eb par\u00eb p\u00ebr dhun\u00eb, sipas familjar\u00ebve.<\/p>\n<p>N\u00eb nderim t\u00eb saj, Bashkia e Tolentinos ka organizuar nj\u00eb marshim sensibilizues me titullin \u201cP\u00ebr Gentian\u00ebn\u201d, i cili do t\u00eb mbahet nes\u00ebr n\u00eb mbr\u00ebmje. Procesioni do t\u00eb nis\u00eb n\u00eb or\u00ebn 21:00 nga Piazza della Libert\u00e0 dhe do t\u00eb p\u00ebrshkoj\u00eb rrug\u00ebt kryesore t\u00eb qytetit p\u00ebr t\u00eb p\u00ebrfunduar n\u00eb Viale Benadduci, ku do t\u00eb mbahen fjalime nga autoritetet lokale dhe rajonale.<\/p>\n<p><img loading=\"lazy\" loading=\"lazy\" decoding=\"async\" class=\"alignnone size-full wp-image-162769\" src=\"https:\/\/radar.al\/wp-content\/uploads\/2025\/06\/stoli.avif\" sizes=\"auto, (width &lt;= 480px) 334px, (max-width: 863px) 100vw, 863px\" srcset=\"https:\/\/radar.al\/wp-content\/uploads\/2025\/06\/stoli.avif 863w, https:\/\/radar.al\/wp-content\/uploads\/2025\/06\/stoli-300x168.avif 300w, https:\/\/radar.al\/wp-content\/uploads\/2025\/06\/stoli-768x431.avif 768w, https:\/\/radar.al\/wp-content\/uploads\/2025\/06\/stoli-150x84.avif 150w, https:\/\/radar.al\/wp-content\/uploads\/2025\/06\/stoli-450x252.avif 450w\" alt=\"\" width=\"863\" height=\"484\" data-od-removed-fetchpriority=\"high\" data-od-replaced-sizes=\"(max-width: 863px) 100vw, 863px\" data-od-xpath=\"\/HTML\/BODY\/DIV[@class='main-wrap']\/*[6][self::DIV]\/*[1][self::DIV]\/*[1][self::DIV]\/*[3][self::DIV]\/*[1][self::ARTICLE]\/*[1][self::DIV]\/*[2][self::DIV]\/*[4][self::P]\/*[1][self::IMG]\" \/><\/p>\n<p>Stoli ku autori q\u00ebndroi pas krimit \u00ebsht\u00eb transformuar n\u00eb nj\u00eb simbol kund\u00ebr dhun\u00ebs ndaj grave. Ai \u00ebsht\u00eb lyer me t\u00eb kuqe dhe do t\u00eb zbulohet zyrtarisht gjat\u00eb ceremonis\u00eb p\u00ebrkujtimore.<\/p>\n<p>Pjes\u00ebtar\u00ebt e familjes s\u00eb viktim\u00ebs, t\u00eb ardhur nga Shqip\u00ebria dhe qytete t\u00eb tjera italiane, jan\u00eb shprehur t\u00eb tronditur. \u201cNuk \u00ebsht\u00eb e drejt\u00eb\u2026 Motra ime e kishte raportuar tashm\u00eb\u201d, tha v\u00ebllai i saj Artur. Nd\u00ebrsa tezja e saj, Miranda, mes lot\u00ebsh shtoi: \u201cFlisnim \u00e7do dit\u00eb. Nuk kam fjal\u00eb.\u201d<\/p>\n<p>Presidenti i Rajonit, Francesco Acquaroli, i shprehu ngush\u00ebllimet familjes dhe d\u00ebnoi me forc\u00eb dhun\u00ebn ndaj grave: \u201cNgjarje t\u00eb tilla nuk duhet t\u00eb ndodhin m\u00eb. \u00cbsht\u00eb detyra jon\u00eb institucionale dhe njer\u00ebzore t\u00eb veprojm\u00eb.\u201d<\/p>\n","protected":false},"excerpt":{"rendered":"<p>Nj\u00eb stol i kuq me mbishkrimin \u201cN\u00eb kujtim t\u00eb Gentian\u00ebs\u201d \u00ebsht\u00eb vendosur n\u00eb Tolentino, n\u00eb vendin ku ndodhi nj\u00eb krim i r\u00ebnd\u00eb q\u00eb tronditi komunitetin: vrasja brutale e 45-vje\u00e7ares shqiptare Gentiana Hudhra nga ish-bashk\u00ebshorti i saj, Nikollaq Hudhra. Ngjarja ndodhi t\u00eb shtun\u00ebn mbr\u00ebma n\u00eb Viale Benadduci, ku autori, pas krimit, q\u00ebndroi ulur n\u00eb stol n\u00eb [&hellip;]<\/p>\n","protected":false},"author":5,"featured_media":88459,"comment_status":"closed","ping_status":"closed","sticky":false,"template":"","format":"standard","meta":{"footnotes":""},"categories":[1,7664,6332],"tags":[36714],"class_list":{"0":"post-88492","1":"post","2":"type-post","3":"status-publish","4":"format-standard","5":"has-post-thumbnail","7":"category-aktualitet","8":"category-bota","9":"category-te-fundit","10":"tag-komuniteti-italian-nderon-gruan-shqiptare-te-vare-nga-ish-bashkeshorti"},"_links":{"self":[{"href":"https:\/\/jugulajm.net\/index.php?rest_route=\/wp\/v2\/posts\/88492","targetHints":{"allow":["GET"]}}],"collection":[{"href":"https:\/\/jugulajm.net\/index.php?rest_route=\/wp\/v2\/posts"}],"about":[{"href":"https:\/\/jugulajm.net\/index.php?rest_route=\/wp\/v2\/types\/post"}],"author":[{"embeddable":true,"href":"https:\/\/jugulajm.net\/index.php?rest_route=\/wp\/v2\/users\/5"}],"replies":[{"embeddable":true,"href":"https:\/\/jugulajm.net\/index.php?rest_route=%2Fwp%2Fv2%2Fcomments&post=88492"}],"version-history":[{"count":1,"href":"https:\/\/jugulajm.net\/index.php?rest_route=\/wp\/v2\/posts\/88492\/revisions"}],"predecessor-version":[{"id":88493,"href":"https:\/\/jugulajm.net\/index.php?rest_route=\/wp\/v2\/posts\/88492\/revisions\/88493"}],"wp:featuredmedia":[{"embeddable":true,"href":"https:\/\/jugulajm.net\/index.php?rest_route=\/wp\/v2\/media\/88459"}],"wp:attachment":[{"href":"https:\/\/jugulajm.net\/index.php?rest_route=%2Fwp%2Fv2%2Fmedia&parent=88492"}],"wp:term":[{"taxonomy":"category","embeddable":true,"href":"https:\/\/jugulajm.net\/index.php?rest_route=%2Fwp%2Fv2%2Fcategories&post=88492"},{"taxonomy":"post_tag","embeddable":true,"href":"https:\/\/jugulajm.net\/index.php?rest_route=%2Fwp%2Fv2%2Ftags&post=88492"}],"curies":[{"name":"wp","href":"https:\/\/api.w.org\/{rel}","templated":true}]}}