{"id":88489,"date":"2025-06-16T16:58:54","date_gmt":"2025-06-16T14:58:54","guid":{"rendered":"https:\/\/jugulajm.net\/?p=88489"},"modified":"2025-06-16T16:58:54","modified_gmt":"2025-06-16T14:58:54","slug":"drejtori-proda-takim-me-zv-presidenten-e-zyres-federale-kriminale-gjermane-forcimi-i-bashkepunimit-celesi-i-suksesit-ne-luften-kunder-krimit","status":"publish","type":"post","link":"https:\/\/jugulajm.net\/?p=88489","title":{"rendered":"Drejtori Proda takim me zv.presidenten e Zyr\u00ebs Federale Kriminale gjermane: Forcimi i bashk\u00ebpunimit, \u00e7el\u00ebsi i suksesit n\u00eb luft\u00ebn kund\u00ebr krimit"},"content":{"rendered":"<p>Drejtori i P\u00ebrgjithsh\u00ebm i Policis\u00eb s\u00eb Shtetit, Drejtues Madhor, Ilir Proda, priti n\u00eb nj\u00eb vizit\u00eb pune Z\u00ebvend\u00ebspresidenten e Zyr\u00ebs Federale Kriminale t\u00eb Gjermanis\u00eb (BKA), znj. Martina Link, e shoq\u00ebruar nga z. Markus Koths dhe zyrtar\u00eb t\u00eb lart\u00eb t\u00eb k\u00ebtij institucioni.<\/p>\n<p>N\u00eb qend\u00ebr t\u00eb takimit ishte forcimi dhe zgjerimi i bashk\u00ebpunimit nd\u00ebrinstitucional, ve\u00e7an\u00ebrisht n\u00eb fush\u00ebn e luft\u00ebs kund\u00ebr krimit t\u00eb organizuar nd\u00ebrkomb\u00ebtar.<\/p>\n<p>Drejtori Proda shprehu vler\u00ebsimin p\u00ebr kontributin e BKA-s\u00eb dhe theksoi:<br \/>\n\u201cPartneriteti yn\u00eb \u00ebsht\u00eb nd\u00ebrtuar mbi besim dhe transparenc\u00eb. Bashk\u00ebpunimi yn\u00eb \u00ebsht\u00eb d\u00ebshmi se krimi i organizuar luftohet vet\u00ebm p\u00ebrmes aleancave t\u00eb forta nd\u00ebrkomb\u00ebtare. Policia e Shtetit mbetet e p\u00ebrkushtuar p\u00ebr ta thelluar m\u00eb tej k\u00ebt\u00eb bashk\u00ebpunim.\u201d<\/p>\n<p>Z\u00ebvend\u00ebspresidentja Link u shpreh:<br \/>\n\u201cJu vler\u00ebsoj p\u00ebr rezultatet dhe profesionalizmin tuaj. Projekti ORKA \u00ebsht\u00eb nj\u00eb model bashk\u00ebpunimi t\u00eb suksessh\u00ebm, sidomos p\u00ebr shk\u00ebmbimin efikas t\u00eb informacionit n\u00eb fush\u00ebn e krimit t\u00eb organizuar. BKA do t\u00eb vijoj\u00eb mb\u00ebshtetjen dhe do t\u00eb intensifikoj\u00eb iniciativat e p\u00ebrbashk\u00ebta.\u201d<\/p>\n<p>T\u00eb dy pal\u00ebt u dakord\u00ebsuan p\u00ebr thellimin e bashk\u00ebpunimit n\u00eb hetimet financiare dhe sekuestrimin e aseteve t\u00eb grupeve kriminale. Gjithashtu, Drejtuesi i Lart\u00eb Neritan Nallbati k\u00ebrkoi mb\u00ebshtetjen e BKA-s\u00eb p\u00ebr trajnimin e stafit n\u00eb fush\u00ebn e krimeve kibernetike.<\/p>\n<p>Takimi u pasua me diskutime teknike mes p\u00ebrfaq\u00ebsuesve t\u00eb BKA-s\u00eb dhe strukturave t\u00eb Departamentit t\u00eb Policis\u00eb Kriminale.<\/p>\n","protected":false},"excerpt":{"rendered":"<p>Drejtori i P\u00ebrgjithsh\u00ebm i Policis\u00eb s\u00eb Shtetit, Drejtues Madhor, Ilir Proda, priti n\u00eb nj\u00eb vizit\u00eb pune Z\u00ebvend\u00ebspresidenten e Zyr\u00ebs Federale Kriminale t\u00eb Gjermanis\u00eb (BKA), znj. Martina Link, e shoq\u00ebruar nga z. Markus Koths dhe zyrtar\u00eb t\u00eb lart\u00eb t\u00eb k\u00ebtij institucioni. N\u00eb qend\u00ebr t\u00eb takimit ishte forcimi dhe zgjerimi i bashk\u00ebpunimit nd\u00ebrinstitucional, ve\u00e7an\u00ebrisht n\u00eb fush\u00ebn e [&hellip;]<\/p>\n","protected":false},"author":5,"featured_media":88490,"comment_status":"closed","ping_status":"closed","sticky":false,"template":"","format":"standard","meta":{"footnotes":""},"categories":[1,6332,29228],"tags":[36713,36712],"class_list":{"0":"post-88489","1":"post","2":"type-post","3":"status-publish","4":"format-standard","5":"has-post-thumbnail","7":"category-aktualitet","8":"category-te-fundit","9":"category-vendi","10":"tag-celesi-i-suksesit-ne-luften-kunder-krimit","11":"tag-drejtori-proda-takim-me-zv-presidenten-e-zyres-federale-kriminale-gjermane-forcimi-i-bashkepunimit"},"_links":{"self":[{"href":"https:\/\/jugulajm.net\/index.php?rest_route=\/wp\/v2\/posts\/88489","targetHints":{"allow":["GET"]}}],"collection":[{"href":"https:\/\/jugulajm.net\/index.php?rest_route=\/wp\/v2\/posts"}],"about":[{"href":"https:\/\/jugulajm.net\/index.php?rest_route=\/wp\/v2\/types\/post"}],"author":[{"embeddable":true,"href":"https:\/\/jugulajm.net\/index.php?rest_route=\/wp\/v2\/users\/5"}],"replies":[{"embeddable":true,"href":"https:\/\/jugulajm.net\/index.php?rest_route=%2Fwp%2Fv2%2Fcomments&post=88489"}],"version-history":[{"count":1,"href":"https:\/\/jugulajm.net\/index.php?rest_route=\/wp\/v2\/posts\/88489\/revisions"}],"predecessor-version":[{"id":88491,"href":"https:\/\/jugulajm.net\/index.php?rest_route=\/wp\/v2\/posts\/88489\/revisions\/88491"}],"wp:featuredmedia":[{"embeddable":true,"href":"https:\/\/jugulajm.net\/index.php?rest_route=\/wp\/v2\/media\/88490"}],"wp:attachment":[{"href":"https:\/\/jugulajm.net\/index.php?rest_route=%2Fwp%2Fv2%2Fmedia&parent=88489"}],"wp:term":[{"taxonomy":"category","embeddable":true,"href":"https:\/\/jugulajm.net\/index.php?rest_route=%2Fwp%2Fv2%2Fcategories&post=88489"},{"taxonomy":"post_tag","embeddable":true,"href":"https:\/\/jugulajm.net\/index.php?rest_route=%2Fwp%2Fv2%2Ftags&post=88489"}],"curies":[{"name":"wp","href":"https:\/\/api.w.org\/{rel}","templated":true}]}}