{"id":88483,"date":"2025-06-16T10:14:49","date_gmt":"2025-06-16T08:14:49","guid":{"rendered":"https:\/\/jugulajm.net\/?p=88483"},"modified":"2025-06-16T10:14:49","modified_gmt":"2025-06-16T08:14:49","slug":"emri-arrestohet-27-vjecari-aksidentoi-me-skaf-turistin-gjerman-ne-gjipe","status":"publish","type":"post","link":"https:\/\/jugulajm.net\/?p=88483","title":{"rendered":"EMRI\/ Arrestohet 27-vje\u00e7ari, aksidentoi me skaf turistin gjerman n\u00eb Gjipe"},"content":{"rendered":"<p>Nj\u00eb turist gjerman u d\u00ebmtua nga helikat e nj\u00eb skafi n\u00eb plazhin e Gjipes\u00eb dit\u00ebn e djeshme.<\/p>\n<p>Nj\u00eb dit\u00eb m\u00eb pas, policia ka arrestuar drejtuesin e gomones, 27-vje\u00e7arin Krenar Velaj.<\/p>\n<p>Sipas policis\u00eb, Velaj po lundronte \u00a0jasht\u00eb zon\u00ebs s\u00eb siguris\u00eb dhe n\u00eb nj\u00eb distanc\u00eb t\u00eb konsiderueshme nga tapat q\u00eb kufizojn\u00eb zon\u00ebn e notimit.<\/p>\n<p>Nd\u00ebrsa turisti gjerman po b\u00ebnte zhytje n\u00eb af\u00ebrsi t\u00eb skafit.<\/p>\n<p>Turisti u d\u00ebrgua me helikopter n\u00eb spitalin e Traum\u00ebs p\u00ebr t\u00eb marr\u00eb ndihm\u00eb mjek\u00ebsore.<\/p>\n<div class=\"text-center\"><\/div>\n","protected":false},"excerpt":{"rendered":"<p>Nj\u00eb turist gjerman u d\u00ebmtua nga helikat e nj\u00eb skafi n\u00eb plazhin e Gjipes\u00eb dit\u00ebn e djeshme. Nj\u00eb dit\u00eb m\u00eb pas, policia ka arrestuar drejtuesin e gomones, 27-vje\u00e7arin Krenar Velaj. Sipas policis\u00eb, Velaj po lundronte \u00a0jasht\u00eb zon\u00ebs s\u00eb siguris\u00eb dhe n\u00eb nj\u00eb distanc\u00eb t\u00eb konsiderueshme nga tapat q\u00eb kufizojn\u00eb zon\u00ebn e notimit. Nd\u00ebrsa turisti gjerman [&hellip;]<\/p>\n","protected":false},"author":5,"featured_media":59740,"comment_status":"closed","ping_status":"closed","sticky":false,"template":"","format":"standard","meta":{"footnotes":""},"categories":[1,6332,29228],"tags":[36708,30765],"class_list":{"0":"post-88483","1":"post","2":"type-post","3":"status-publish","4":"format-standard","5":"has-post-thumbnail","7":"category-aktualitet","8":"category-te-fundit","9":"category-vendi","10":"tag-aksidentoi-me-skaf-turistin-gjerman-ne-gjipe","11":"tag-emri-arrestohet-27-vjecari"},"_links":{"self":[{"href":"https:\/\/jugulajm.net\/index.php?rest_route=\/wp\/v2\/posts\/88483","targetHints":{"allow":["GET"]}}],"collection":[{"href":"https:\/\/jugulajm.net\/index.php?rest_route=\/wp\/v2\/posts"}],"about":[{"href":"https:\/\/jugulajm.net\/index.php?rest_route=\/wp\/v2\/types\/post"}],"author":[{"embeddable":true,"href":"https:\/\/jugulajm.net\/index.php?rest_route=\/wp\/v2\/users\/5"}],"replies":[{"embeddable":true,"href":"https:\/\/jugulajm.net\/index.php?rest_route=%2Fwp%2Fv2%2Fcomments&post=88483"}],"version-history":[{"count":1,"href":"https:\/\/jugulajm.net\/index.php?rest_route=\/wp\/v2\/posts\/88483\/revisions"}],"predecessor-version":[{"id":88484,"href":"https:\/\/jugulajm.net\/index.php?rest_route=\/wp\/v2\/posts\/88483\/revisions\/88484"}],"wp:featuredmedia":[{"embeddable":true,"href":"https:\/\/jugulajm.net\/index.php?rest_route=\/wp\/v2\/media\/59740"}],"wp:attachment":[{"href":"https:\/\/jugulajm.net\/index.php?rest_route=%2Fwp%2Fv2%2Fmedia&parent=88483"}],"wp:term":[{"taxonomy":"category","embeddable":true,"href":"https:\/\/jugulajm.net\/index.php?rest_route=%2Fwp%2Fv2%2Fcategories&post=88483"},{"taxonomy":"post_tag","embeddable":true,"href":"https:\/\/jugulajm.net\/index.php?rest_route=%2Fwp%2Fv2%2Ftags&post=88483"}],"curies":[{"name":"wp","href":"https:\/\/api.w.org\/{rel}","templated":true}]}}