{"id":88381,"date":"2025-06-12T11:46:05","date_gmt":"2025-06-12T09:46:05","guid":{"rendered":"https:\/\/jugulajm.net\/?p=88381"},"modified":"2025-06-12T11:46:05","modified_gmt":"2025-06-12T09:46:05","slug":"34-vjetori-i-themelimit-te-ps-rama-flamuri-yne-u-ngjit-me-lart-se-asnjehere","status":"publish","type":"post","link":"https:\/\/jugulajm.net\/?p=88381","title":{"rendered":"34-vjetori i themelimit t\u00eb PS, Rama: Flamuri yn\u00eb u ngjit m\u00eb lart se asnj\u00ebher\u00eb"},"content":{"rendered":"<p>Kryeministri Edi Rama ka uruar 34-vjetorin e themelimit t\u00eb Partis\u00eb Socialiste.<\/p>\n<p>Nd\u00ebrsa ka publikuar foton e nj\u00eb tr\u00ebndafili t\u00eb kuq, simbol i PS, ai shprehet se flamuri i socialist\u00ebve e progresist\u00ebve shqiptar\u00eb u ngjit m\u00eb lart se asnj\u00ebher\u00eb, fal\u00eb qytetar\u00ebve q\u00eb u b\u00ebn\u00eb bashk\u00eb p\u00ebr Shqip\u00ebrin\u00eb 2030 n\u00eb BE.<\/p>\n<p>\u201cMIR\u00cbM\u00cbNGJES<\/p>\n<p>dhe me k\u00ebt\u00eb simbol t\u00eb flamurit t\u00eb socialist\u00ebve e progresist\u00ebve shqiptar\u00eb, q\u00eb n\u00eb k\u00ebt\u00eb 34 vjetor t\u00eb val\u00ebvitjes s\u00eb tij \u00ebsht\u00eb ngjitur m\u00eb lart se asnj\u00ebher\u00eb fal\u00eb 856 mij\u00eb e 177 zemrave, t\u00eb cilat u b\u00ebn\u00eb bashk\u00eb p\u00ebr Shqip\u00ebrin\u00eb 2030 n\u00eb BE, ju uroj g\u00ebzuar dit\u00eblindjen e Partis\u00eb Socialiste t\u00eb gjith\u00eb an\u00ebtar\u00ebve t\u00eb familjes son\u00eb t\u00eb madhe politike, si edhe nj\u00eb dit\u00eb t\u00eb mbar\u00eb t\u00eb gjith\u00eb t\u00eb tjer\u00ebve pa p\u00ebrjashtim\u201d, shkruan Rama.<\/p>\n<div class=\"videoWrapper\"><iframe loading=\"lazy\" src=\"https:\/\/www.facebook.com\/plugins\/post.php?href=https%3A%2F%2Fwww.facebook.com%2Fediramaal%2Fposts%2Fpfbid024KtxLubqDdSnVqWk3FqwcTbjVGXLgRQoe2ahiApnBqZjCYVJiTSVxPHyt4T9Ahzql&amp;show_text=true&amp;width=500\" width=\"500\" height=\"670\" frameborder=\"0\" scrolling=\"no\" allowfullscreen=\"allowfullscreen\" data-mce-fragment=\"1\"><\/iframe><\/div>\n","protected":false},"excerpt":{"rendered":"<p>Kryeministri Edi Rama ka uruar 34-vjetorin e themelimit t\u00eb Partis\u00eb Socialiste. Nd\u00ebrsa ka publikuar foton e nj\u00eb tr\u00ebndafili t\u00eb kuq, simbol i PS, ai shprehet se flamuri i socialist\u00ebve e progresist\u00ebve shqiptar\u00eb u ngjit m\u00eb lart se asnj\u00ebher\u00eb, fal\u00eb qytetar\u00ebve q\u00eb u b\u00ebn\u00eb bashk\u00eb p\u00ebr Shqip\u00ebrin\u00eb 2030 n\u00eb BE. \u201cMIR\u00cbM\u00cbNGJES dhe me k\u00ebt\u00eb simbol t\u00eb [&hellip;]<\/p>\n","protected":false},"author":5,"featured_media":63077,"comment_status":"closed","ping_status":"closed","sticky":false,"template":"","format":"standard","meta":{"footnotes":""},"categories":[6326,6332,29228],"tags":[36651,36652],"class_list":{"0":"post-88381","1":"post","2":"type-post","3":"status-publish","4":"format-standard","5":"has-post-thumbnail","7":"category-politike","8":"category-te-fundit","9":"category-vendi","10":"tag-34-vjetori-i-themelimit-te-ps","11":"tag-rama-flamuri-yne-u-ngjit-me-lart-se-asnjehere"},"_links":{"self":[{"href":"https:\/\/jugulajm.net\/index.php?rest_route=\/wp\/v2\/posts\/88381","targetHints":{"allow":["GET"]}}],"collection":[{"href":"https:\/\/jugulajm.net\/index.php?rest_route=\/wp\/v2\/posts"}],"about":[{"href":"https:\/\/jugulajm.net\/index.php?rest_route=\/wp\/v2\/types\/post"}],"author":[{"embeddable":true,"href":"https:\/\/jugulajm.net\/index.php?rest_route=\/wp\/v2\/users\/5"}],"replies":[{"embeddable":true,"href":"https:\/\/jugulajm.net\/index.php?rest_route=%2Fwp%2Fv2%2Fcomments&post=88381"}],"version-history":[{"count":1,"href":"https:\/\/jugulajm.net\/index.php?rest_route=\/wp\/v2\/posts\/88381\/revisions"}],"predecessor-version":[{"id":88382,"href":"https:\/\/jugulajm.net\/index.php?rest_route=\/wp\/v2\/posts\/88381\/revisions\/88382"}],"wp:featuredmedia":[{"embeddable":true,"href":"https:\/\/jugulajm.net\/index.php?rest_route=\/wp\/v2\/media\/63077"}],"wp:attachment":[{"href":"https:\/\/jugulajm.net\/index.php?rest_route=%2Fwp%2Fv2%2Fmedia&parent=88381"}],"wp:term":[{"taxonomy":"category","embeddable":true,"href":"https:\/\/jugulajm.net\/index.php?rest_route=%2Fwp%2Fv2%2Fcategories&post=88381"},{"taxonomy":"post_tag","embeddable":true,"href":"https:\/\/jugulajm.net\/index.php?rest_route=%2Fwp%2Fv2%2Ftags&post=88381"}],"curies":[{"name":"wp","href":"https:\/\/api.w.org\/{rel}","templated":true}]}}